{"id":3176,"date":"2025-10-15T07:01:10","date_gmt":"2025-10-15T07:01:10","guid":{"rendered":"https:\/\/djarobi.com\/?p=3176"},"modified":"2025-10-15T07:01:10","modified_gmt":"2025-10-15T07:01:10","slug":"benin-duo-agbodjo-lodjou-a-la-cena-quand-la-population-de-cotonou-envoie-un-signal-fort-a-la-rupture","status":"publish","type":"post","link":"https:\/\/djarobi.com\/index.php\/2025\/10\/15\/benin-duo-agbodjo-lodjou-a-la-cena-quand-la-population-de-cotonou-envoie-un-signal-fort-a-la-rupture\/","title":{"rendered":"B\u00e9nin\/Duo Agbodjo-Lodjou \u00e0 la Cena\u00a0: Quand la population de Cotonou envoie un signal fort \u00e0 la rupture"},"content":{"rendered":"<p>Ce mardi 14 octobre 2025, la ville de Cotonou a connu une effervescence toute particuli\u00e8re, unique en son genre depuis l\u2019arriv\u00e9e au pouvoir de Patrice Talon en 2016. En effet, \u00e0 l\u2019occasion du d\u00e9p\u00f4t des dossiers de candidature du duo devant porter les couleurs du parti Les D\u00e9mocrates \u00e0 la prochaine \u00e9lection pr\u00e9sidentielle, une mobilisation spontan\u00e9e, volontariste et naturelle a \u00e9t\u00e9 observ\u00e9e sur le trajet de la d\u00e9l\u00e9gation du parti de l\u2019opposition vers le si\u00e8ge de la Commission \u00e9lectorale nationale autonome (Cena). Une mobilisation naturelle qui tranche avec les mises en sc\u00e8ne de la mouvance par des recrutements de supporteurs occasionnels et habill\u00e9s avec l\u2019argent du contribuable.<\/p>\n<p>De Fifadji \u00e0 Ganhi, si\u00e8ge de l\u2019institution en charge de l\u2019organisation des \u00e9lections au B\u00e9nin, c\u2019est des cris de joie et d\u2019all\u00e9gresse. Un long cort\u00e8ge de motos, voitures et surtout des hommes, des femmes et des jeunes qui ont effectu\u00e9 ce long trajet \u00e0 pied scandant des slogans de victoire en faveur de la liste de l\u2019opposition. KO, KO, KO, entend-on des populations attroup\u00e9es aux abords des art\u00e8res menant \u00e0 la Cena. Mieux encore, une chanson mythique devenue virale dans les r\u00e9seaux sociaux a accompagn\u00e9 la d\u00e9l\u00e9gation du duo candidat jusqu\u2019\u00e0 la Cena. \u00ab\u00a0Mi ba dollar dokpo aaaa\u2026\u00a0\u00bb, ce qui signifie \u00ab\u00a0nous ne voulons pas un seul dollar\u00a0\u00bb avant de soutenir et voter pour ce duo. Cette forte excitation spontan\u00e9e traduit un malaise profond avec lequel il faut \u00e0 tout prix rompre. Un ressentiment de fatigue et un besoin de paix, de pain et de la libert\u00e9 d\u2019expression.<\/p>\n<p>Depuis 2016, sous son pseudo-projet de d\u00e9veloppement du B\u00e9nin, le pr\u00e9sident Patrice Talon a \u00e9touff\u00e9 les B\u00e9ninois du nord au sud. Par ses m\u00e9thodes brutales et sans concession, la rupture a martyris\u00e9 les B\u00e9ninois dans leur ensemble. Les p\u00e9riodes \u00e9lectorales jadis consid\u00e9r\u00e9es comme festives sont d\u00e9sormais des moments de deuil pour les populations.<\/p>\n<p>Vu la mobilisation et l\u2019engouement suscit\u00e9 par la candidature du duo de l\u2019opposition incarn\u00e9 par le parti Les D\u00e9mocrates, on peut se permettre de dire que les B\u00e9ninois sont d\u00e9cid\u00e9s \u00e0 dire \u00e0 Patrice Talon \u00ab\u00a0\u00e7a suffit ! tu as fini tes dix ans alors, range tes clics et clacs et barre-toi\u00a0\u00bb.<\/p>\n<p>Ce r\u00e9veil des populations traduit la lassitude qui se lit \u00e0 longueur de journ\u00e9e sur le visage des uns et des autres, le sentiment de confinement et d\u2019oppression. Le peuple b\u00e9ninois a d\u2019ailleurs cette culture d\u2019alternance. En 2026, il est clair qu\u2019il aura une vraie alternance. Comme le chantent les d\u00e9mocrates, il n\u2019aura pas un troisi\u00e8me mandat d\u00e9guis\u00e9 de Patrice Talon. Wait and see\u00a0!<\/p>\n<p>Abdoul DRAMANE<\/p>\n<p>&nbsp;<\/p>\n","protected":false},"excerpt":{"rendered":"<p>Ce mardi 14 octobre 2025, la ville de Cotonou a connu une effervescence toute particuli\u00e8re, unique en son genre depuis l\u2019arriv\u00e9e au pouvoir de Patrice Talon en 2016. En effet, \u00e0 l\u2019occasion du d\u00e9p\u00f4t des dossiers de candidature du duo devant porter les couleurs du parti Les D\u00e9mocrates \u00e0 la prochaine \u00e9lection pr\u00e9sidentielle, une mobilisation [&hellip;]<\/p>\n","protected":false},"author":2,"featured_media":2629,"comment_status":"open","ping_status":"closed","sticky":false,"template":"","format":"standard","meta":{"content-type":"","footnotes":""},"categories":[2,16,11,5,15,3,8],"tags":[],"class_list":{"0":"post-3176","1":"post","2":"type-post","3":"status-publish","4":"format-standard","5":"has-post-thumbnail","7":"category-actualites","8":"category-afrique","9":"category-benin","10":"category-diplomatie","11":"category-election","12":"category-politique","13":"category-societe"},"_links":{"self":[{"href":"https:\/\/djarobi.com\/index.php\/wp-json\/wp\/v2\/posts\/3176","targetHints":{"allow":["GET"]}}],"collection":[{"href":"https:\/\/djarobi.com\/index.php\/wp-json\/wp\/v2\/posts"}],"about":[{"href":"https:\/\/djarobi.com\/index.php\/wp-json\/wp\/v2\/types\/post"}],"author":[{"embeddable":true,"href":"https:\/\/djarobi.com\/index.php\/wp-json\/wp\/v2\/users\/2"}],"replies":[{"embeddable":true,"href":"https:\/\/djarobi.com\/index.php\/wp-json\/wp\/v2\/comments?post=3176"}],"version-history":[{"count":1,"href":"https:\/\/djarobi.com\/index.php\/wp-json\/wp\/v2\/posts\/3176\/revisions"}],"predecessor-version":[{"id":3177,"href":"https:\/\/djarobi.com\/index.php\/wp-json\/wp\/v2\/posts\/3176\/revisions\/3177"}],"wp:featuredmedia":[{"embeddable":true,"href":"https:\/\/djarobi.com\/index.php\/wp-json\/wp\/v2\/media\/2629"}],"wp:attachment":[{"href":"https:\/\/djarobi.com\/index.php\/wp-json\/wp\/v2\/media?parent=3176"}],"wp:term":[{"taxonomy":"category","embeddable":true,"href":"https:\/\/djarobi.com\/index.php\/wp-json\/wp\/v2\/categories?post=3176"},{"taxonomy":"post_tag","embeddable":true,"href":"https:\/\/djarobi.com\/index.php\/wp-json\/wp\/v2\/tags?post=3176"}],"curies":[{"name":"wp","href":"https:\/\/api.w.org\/{rel}","templated":true}]}}