{"id":3145,"date":"2025-08-20T05:59:01","date_gmt":"2025-08-20T05:59:01","guid":{"rendered":"https:\/\/djarobi.com\/?p=3145"},"modified":"2025-08-20T06:27:20","modified_gmt":"2025-08-20T06:27:20","slug":"interview-avec-lecrivaine-et-chercheure-eugenie-dossa-quenum-ce-1er-livre-a-ete-retenu-par-lunesco-pour-etre-traduit-dans-plusieurs-langues-pour-une-large-diffusi","status":"publish","type":"post","link":"https:\/\/djarobi.com\/index.php\/2025\/08\/20\/interview-avec-lecrivaine-et-chercheure-eugenie-dossa-quenum-ce-1er-livre-a-ete-retenu-par-lunesco-pour-etre-traduit-dans-plusieurs-langues-pour-une-large-diffusi\/","title":{"rendered":"Interview avec l\u2019\u00e9crivaine et chercheure Eugenie Dossa Quenum\u00a0: \u00ab Ce 1er\u00a0 livre a \u00e9t\u00e9 retenu par l\u2019UNESCO pour \u00eatre traduit dans plusieurs langues pour une large diffusion \u00bb  \u00a0"},"content":{"rendered":"<p><strong>Eugenie Dossa Quenum est une Ing\u00e9nieur-Biologiste de formation, psychologue et chercheure ind\u00e9pendante en sciences politique et sociale. Aujourd\u2019hui, elle s\u2019illustre par sa production litt\u00e9raire. Au d\u00e9tour de cette interview exclusive, Eugenie nous parle de son parcours, de ses combats et sa production litt\u00e9raire. Une production aussi riche que vari\u00e9e avec des th\u00e8mes int\u00e9ressants et importants les uns que les autres. \u00a0\u00a0<\/strong><\/p>\n<p><strong>Djarobi\u00a0: Qui est Eug\u00e9nie Dossa-Quenum\u00a0?<\/strong><\/p>\n<p><strong>\u00a0<\/strong><\/p>\n<p><strong>Eugenie Dossa-Quenum<\/strong>\u00a0: Eug\u00e9nie est une petite fille b\u00e9ninoise qui, pr\u00e9cocement habile dans le commerce a aid\u00e9 sa m\u00e8re \u00e0 vendre dans le march\u00e9 de Dantokpa \u00e0 Cotonou jusqu\u2019\u00e0 l\u2019\u00e2ge de huit ans avant d\u2019\u00eatre scolaris\u00e9e car sa m\u00e8re \u00e9levait seule ses quatre enfants. Dans une famille monoparentale.<\/p>\n<p>Cependant son d\u00e9sir le plus ardent \u00e9tait d\u2019\u00eatre scolaris\u00e9e comme la plupart des enfants qu\u2019elle voyait dans son environnement. Puis, elle fit un deal avec sa maman, celui de continuer \u00e0 l\u2019aider au march\u00e9 si elle m\u2019inscrivait \u00e0 l\u2019\u00e9cole.<\/p>\n<p>Alors, d\u00e8s que j\u2019avais mis les pieds dans une salle de classe, je m\u2019\u00e9tais fait la promesse d\u2019aller le plus loin possible. Malheureusement je n\u2019avais pas eu suffisamment de temps pour \u00e9tudier mes le\u00e7ons et faire mes devoirs. R\u00e9sultats, arriv\u00e9e au CM2, \u00e0 l\u2019examen du CEPE, je n\u2019eus que 10\/20, une note pas suffisante pour obtenir la Bourse d\u2019\u00e9tude pour la classe de 6\u00e9me et la suite.<\/p>\n<p>Ma m\u00e8re, sur mon insistance fut oblig\u00e9e de me payer les classes de 6\u00e9me et de 5\u00e9me. Puis elle me pr\u00e9vint que je devrais me pr\u00e9senter au concours d\u2019entr\u00e9e en 4\u00e9me afin d\u2019obtenir la bourse d\u2019\u00e9tude pour la suite de mes \u00e9tudes. Je me pr\u00e9sentai effectivement \u00e0 ce concours o\u00f9 400 \u00e9l\u00e8ves furent admis sur toute l\u2019\u00e9tendue du territoire et je fus la seule fille admise cette ann\u00e9e-l\u00e0.<\/p>\n<p>Puis je pris mon envole jusqu\u2019au Bac, et aux dipl\u00f4mes divers. Aujourd\u2019hui, Ing\u00e9nieur-Biologiste et Psychologue Interculturelle, je suis \u00e9galement Chercheuse Ind\u00e9pendante en Sciences Politique et Sociale, Conf\u00e9renci\u00e8re et Ecrivaine.<\/p>\n<p><strong>D\u00a0: Le premier b\u00e9b\u00e9 litt\u00e9raire d\u2019Eug\u00e9nie date de quelle ann\u00e9e et quel est le th\u00e8me central de cet ouvrage\u00a0?<\/strong><\/p>\n<p><strong>\u00a0E. <\/strong><strong>D. Q:<\/strong> Mon premier livre intitul\u00e9 \u00ab\u00a0Geny petit ange sorcier du B\u00e9nin\u00a0\u00bb date de 2010 et c\u2019est le premier tome de mon autobiographie. Il retrace les difficult\u00e9s et les obstacles que rencontrent des enfants, en g\u00e9n\u00e9ral, les filles en particulier pour la scolarisation dans certains pays de l\u2019Afrique, et aussi au B\u00e9nin.<\/p>\n<p><strong>D\u00a0: Quel accueil lui a \u00e9t\u00e9 r\u00e9serv\u00e9 par les lecteurs\u00a0?<\/strong><\/p>\n<p><strong>E.D.Q<\/strong>\u00a0: Pr\u00e9sent\u00e9 \u00e0 sa sortie \u00e0 l\u2019UNESCO \u00e0 Paris par son excellence feu Monsieur Ya\u00ef Olabiyi Joseph Ambassadeur du B\u00e9nin \u00e0 l\u2019UNESCO devant un parterre d\u2019Ambassadeurs aussi bien francophones qu\u2019anglophones en plus du public de lecteurs parisiens, ce livre a \u00e9t\u00e9 retenu pour \u00eatre traduit dans plusieurs langues pour une large diffusion. Malheureusement, le budget de cette institution amput\u00e9 par sanction par les Etats Unis et autres pays pour avoir admis la Palestine au sein de l\u2019UNESCO n\u2019a pas permis la r\u00e9alisation de ce projet.<\/p>\n<p><strong>D\u00a0: Cet ouvrage a eu un \u00e9cho favorable en Afrique et aussi en Asie. Parlez-nous-en<\/strong><\/p>\n<p><strong>E.D.Q\u00a0:<\/strong> \u00ab\u00a0Geny petit ange sorcier du B\u00e9nin\u00a0\u00bb a n\u00e9anmoins \u00e9t\u00e9 rachet\u00e9 pour \u00eatre traduit en Chinois par des autorit\u00e9s chinoises selon des arrangements avec mon \u00e9diteur Fran\u00e7ais qui m\u2019a priv\u00e9e du partage des retomb\u00e9s de mon succ\u00e8s. Et reconnu d\u2019int\u00e9r\u00eat public, pour ce qu\u2019il apporte aux jeunesses du monde, j\u2019ai fait une demande d\u2019introduction au programme scolaire au B\u00e9nin mon pays. Depuis 2011, les rejets successifs de ma demande ont fini par me d\u00e9courager. Pourtant, selon certaines autorit\u00e9s litt\u00e9raires et de l\u2019enseignement, je suis reconnue comme l\u2019une des meilleures plumes du B\u00e9nin aussi bien pour la forme que pour le fond depuis la parution de \u00ab\u00a0Geny\u2026\u00a0\u00bb. Ceci pour la pertinence des sujets que je traite. J\u2019ai m\u00eame re\u00e7u les f\u00e9licitations d\u2019un pr\u00e9sident des inspecteurs qui m\u2019a avou\u00e9 avoir puis\u00e9 dans \u00ab\u00a0Geny..\u00a0\u00bb pour mettre en lumi\u00e8re, certains aspects tr\u00e8s bien r\u00e9ussis de formulation et de syntaxe.<\/p>\n<p>J\u2019ai re\u00e7u des conseils pour parvenir \u00e0 faire retenir mon livre au programme\u00a0: \u00ab\u00a0Payer 200.000 FCFA \u00e0 chacun de ceux qui doivent l\u2019\u00e9tudier, par exemple\u00a0; ou alors payer un \u00e9tudiant qui devrait en faire son sujet de th\u00e8se\u00a0; ou encore passer par un appui qui s\u2019en chargerait etc. Ce que je n\u2019ai pas voulu faire.<\/p>\n<p>Epuis\u00e9e de voir mon livre rejet\u00e9 malgr\u00e9 son importance pour notre jeunesse, j\u2019ai commenc\u00e9 la m\u00eame d\u00e9marche de demande d\u2019introduction au programme scolaire en direction de deux pays depuis 2020. Le Togo et le S\u00e9n\u00e9gal. Ce dernier apr\u00e8s \u00e9tude du livre par les inspecteurs de l\u2019enseignement secondaire, m\u2019ont demand\u00e9 de faire quelques retouches au titre et \u00e0 certains passages de \u00ab\u00a0G\u00e9ny\u00a0\u00bb Et puis \u00ab\u00a0Geny petit ange sorcier du B\u00e9nin\u00a0\u00bb est devenu \u00ab\u00a0Geny petite fille du B\u00e9nin\u00a0\u00bb. Il a \u00e9t\u00e9 r\u00e9\u00e9dit\u00e9 \u00e0 Dakar en 2022 et est entr\u00e9 au programme depuis. Cette m\u00eame d\u00e9marche est en cours au Togo.<\/p>\n<p>A sa pr\u00e9sentation \u00e0 Madagascar en 2012, trois Ministres \u00e9taient pr\u00e9sents\u00a0: Le Ministre de l\u2019Education Nationale, son pr\u00e9d\u00e9cesseur ainsi que le Ministre de la culture des mains desquelles j\u2019ai re\u00e7u un troph\u00e9e et un autre cadeau. Ici aussi les m\u00eames formalit\u00e9s trainent. Le Ministre de l\u2019Enseignement Secondaire et Technique qui m\u2019a re\u00e7ue m\u2019a expliqu\u00e9 que \u00ab\u00a0Son pays attend d\u2019abord l\u2019accord de la France avant l\u2019admission de \u00ab\u00a0Geny..\u00a0\u00bb au programme. Je lui ai r\u00e9pondu que je croyais que Madagascar \u00e9tait ind\u00e9pendant. G\u00ean\u00e9, il a dit \u00ab\u00a0Ainsi vont les choses\u00a0\u00bb\u00a0!<\/p>\n<p><strong>D\u00a0: Le succ\u00e8s de ce premier ouvrage a \u00e9t\u00e9 le tremplin pour d\u2019autres ouvrages avec des succ\u00e8s \u00e9clatants. Quels sont ces derniers\u00a0?<\/strong><\/p>\n<p><strong>E.D.Q<\/strong>\u00a0: \u00ab\u00a0Fabuleux destin de Geny\u00a0\u00bb est le deuxi\u00e8me tome de mon autobiographie. R\u00e9\u00e9dit\u00e9 plusieurs fois, il est actuellement encore en rupture de stock. Suivi de \u00ab\u00a0Les Com\u00e8tes de S\u00d4-AVA\u00a0\u00bb, de \u00ab\u00a0Sur les traces d\u2019Esope, contes du B\u00e9nin et d\u2019Afrique\u00a0\u00bb etc.<\/p>\n<p><strong>D\u00a0: Vous abordez les sujets de soci\u00e9t\u00e9 sous diff\u00e9rents angles. C\u2019est quoi le th\u00e8me central de \u00ab\u00a0Les Com\u00e8tes de S\u00d4-AVA et qui a connu successivement des diff\u00e9rentes \u00e9ditions et pourquoi\u00a0?<\/strong><\/p>\n<p><strong>\u00a0E. <\/strong><strong>D. Q:<\/strong> Je suis chercheuse en Sciences Politique et Sociale. J\u2019observe \u00e9galement beaucoup dans les espaces de vie que je traverse. Les probl\u00e8mes de la non scolarisation des filles, de leur d\u00e9scolarisation, de leur mariage et de leurs grosses pr\u00e9coces constituent un fl\u00e9au qui retarde le d\u00e9veloppement de nos pays en Afrique en g\u00e9n\u00e9ral, et du B\u00e9nin en particulier.<\/p>\n<p>Membre de la direction de l\u2019Association Pour la Protection de l\u2019Enfance et de la Famille \u00ab\u00a0APEF -VINAGNON\u00a0\u00bb dont Mme Paula ADJOVI-AYANOU est la pr\u00e9sidente, nous avons entrepris d\u2019aider \u00e0 r\u00e9soudre un peu ce probl\u00e8me des filles. Nous avons donc command\u00e9 une \u00e9tude statistique sur les r\u00e9gions les plus touch\u00e9es pas ce ph\u00e9nom\u00e8ne dans notre pays le B\u00e9nin. S\u00d4-AVA dans le Sud et une autre localit\u00e9 dans le Nord sont sorties avec les r\u00e9sultats les plus d\u00e9sastreux. Nous avons retenu de d\u00e9marrer notre action par S\u00d4-AVA.<\/p>\n<p>Cette Ile partie du groupe de Ganvi\u00e9, de S\u00d4-Chanhou\u00e9, Agu\u00e9gu\u00e9 etc, est s\u00e9par\u00e9e de l\u2019\u00e9cole des \u00e9l\u00e8ves sur terre ferme par le fleuve S\u00d4. Ces \u00e9l\u00e8ves le traversent deux fois par jour en pirogue avec la probabilit\u00e9 de noyage augment\u00e9e en temps de crue. Mais la particularit\u00e9 de ces villages lacustres r\u00e9side dans les traditions locales qui r\u00e9servent les fillettes au mariage d\u00e8s l\u2019\u00e2ge de 10 \u00e0 12 ans. Celles qui ont la chance d\u2019\u00eatre scolaris\u00e9es ne sont pas tr\u00e8s nombreuses et l\u2019effectif f\u00e9minin de la rentr\u00e9e en septembre se trouve drastiquement amput\u00e9 lors de la rentr\u00e9e apr\u00e8s les cong\u00e9s de Noel. Les fillettes subissent des attouchements et parfois sont entrain\u00e9es dans les buissons et ces petits jeux finissent par une grossesse pr\u00e9coce qui interrompt la scolarit\u00e9 des filles victimes de ce ph\u00e9nom\u00e8ne.<\/p>\n<p>Alors notre association a retenu comme projet la construction d\u2019un internat pilote de 50 filles \u00e0 S\u00d4-AVA. Le succ\u00e8s des r\u00e9sultats de notre projet nous encouragerait \u00e0 le d\u00e9velopper vers d\u2019autres Iles de la r\u00e9gion.<\/p>\n<p>Nous en \u00e9tions l\u00e0 lorsqu\u2019en 2015, trois des filles pers\u00e9v\u00e9rantes qui ont refus\u00e9 le mariage pr\u00e9coce et choisi les \u00e9tudes, ont jusqu\u2019au BAC et l\u2019ont eu. C\u2019est en allant voir leurs r\u00e9sultats au centre des examens de Abomey-Calavi que leur embarcation a chavir\u00e9 et les filles sont mortes noy\u00e9es toutes les trois. Je les ai surnomm\u00e9es \u00ab\u00a0Les Com\u00e8tes\u00a0\u00bb car elles sont n\u00e9es, ont brill\u00e9 puis ont disparu. On en voit l\u2019image d\u2019illustration sur la couverture du livre que je leur ai d\u00e9di\u00e9.<\/p>\n<p>Repr\u00e9sentante de la \u00ab\u00a0Ligue Internationale de Femmes pour la Paix et la Libert\u00e9\u00a0\u00bb \u00e0 l\u2019UNESCO, mes amis sensibilis\u00e9s par mon projet de construction d\u2019un internat se sont mobilis\u00e9s pour le financement de ce projet. Seulement, il fallait que l\u2019UNESCO-BENIN certifie que S\u00d4-AVA est bien au B\u00e9nin et consigne mes documents. Malheureusement, les repr\u00e9sentations \u00e0 Pais et \u00e0 Porto-Novo ont jou\u00e9 au ping-pong en se renvoyant la balle de la signature jusqu\u2019au-del\u00e0 de la date limite.<\/p>\n<p>Endurante, je remis le dossier de mon projet dans le circuit suffisamment t\u00f4t pour \u00e9viter les man\u0153uvres de l\u2019ann\u00e9e pr\u00e9c\u00e9dente. Malgr\u00e9 cette anticipation, les repr\u00e9sentants de nos institutions ont recommenc\u00e9 le m\u00eame jeu de blocage. C\u2019est \u00e0 l\u2019\u00e9missaire que j\u2019ai d\u00e9p\u00each\u00e9 pour aller voir les raisons du blocage que les responsables de l\u2019UNESCO Porto-Novo ont d\u00e9clar\u00e9 \u00ab\u00a0Eug\u00e9nie est d\u00e9j\u00e0 rassasi\u00e9e, que cherche-t-elle encore\u00a0?\u00a0\u00bb. Le jeu \u00e9tant devenu limpide, j\u2019ai d\u00e9cid\u00e9 d\u2019abandonner et de financer le projet par la vente de mon livre \u00ab\u00a0Les Com\u00e8tes de S\u00d4-AVA\u00a0\u00bb<\/p>\n<p>Puis, j\u2019ai entam\u00e9 en 2020 la m\u00eame d\u00e9marche pour son introduction au programme scolaire au S\u00e9n\u00e9gal. Les inspecteurs m\u2019ont demand\u00e9 de r\u00e9\u00e9crire le livre en d\u00e9veloppant certains points jug\u00e9s \u00e9vidents pour les populations b\u00e9ninoises mais pas assez compr\u00e9hensible pour celles s\u00e9n\u00e9galaises. Ce fut par exemple la nature de divinit\u00e9 de l\u2019eau et les c\u00e9r\u00e9monies organis\u00e9es dans le fleuve pour les natifs des villages lacustres qui leur conf\u00e8rent une protection contre la noyade\u2026.<\/p>\n<p>\u00ab\u00a0Les Com\u00e8tes de S\u00d4-AVA\u00a0\u00bb a donc \u00e9t\u00e9 r\u00e9\u00e9dit\u00e9 au S\u00e9n\u00e9gal et admis au programme en 2022, tout comme \u00ab\u00a0Geny, petite fille du B\u00e9nin\u00a0\u00bb.<\/p>\n<p>Je suis invit\u00e9e chaque ann\u00e9e au S\u00e9n\u00e9gal pour expliquer l\u2019importance de la lecture aux \u00e9l\u00e8ves ainsi qu\u2019aux parents d\u2019\u00e9l\u00e8ves \u00e0 travers des s\u00e9ries de conf\u00e9rences\u2026<\/p>\n<p>Il y a eu \u00e9galement \u00ab\u00a0Sur les traces d\u2019Esope, contes du B\u00e9nin et d\u2019Afrique\u00a0\u00bb qui est tr\u00e8s bien appr\u00e9ci\u00e9. J\u2019ai \u00e9t\u00e9 conseill\u00e9e de le d\u00e9poser au programme. Je l\u2019ai fait deux fois sans succ\u00e8s, puis j\u2019ai compris que rien n\u2019a chang\u00e9 et j\u2019ai d\u00e9pos\u00e9 les armes pour ne plus continuer \u00e0 me battre sur ce terrain\u00a0!<\/p>\n<p><strong>D\u00a0: La m\u00e9taphysique trouve une place de choix dans vos \u00e9crits. Peut-on en savoir plus sur l\u2019ouvrage \u00ab\u00a0M\u00e9moire cellulaire et l\u2019\u00e9veil des peuples\u00a0\u00bb\u00a0?<\/strong><\/p>\n<p><strong>E.D.Q :<\/strong> Le livre \u00ab\u00a0M\u00e9moire cellulaire et l\u2019\u00e9veil des peuples\u00a0\u00bb ne rel\u00e8ve pas vraiment de m\u00e9taphysique mais plut\u00f4t de Biologie, de G\u00e9n\u00e9tique, d\u2019Epig\u00e9n\u00e9tique et de Psychologie. C\u2019est la jonction de ces quatre domaines des sciences humaines qui a donn\u00e9 le r\u00e9sultat de cet ouvrage par ailleurs \u00e0 finalit\u00e9 th\u00e9rapeutique aussi bien pour les Afrodescendants que pour les Africains rest\u00e9s sur le continent, tous ayant comme point commun la r\u00e9ception dans leur m\u00e9moire cellulaire de la transmission des traumatismes subis par les anc\u00eatres depuis l\u2019esclavage jusqu\u2019au colonialisme et au n\u00e9ocolonialisme actuel.<\/p>\n<p>Cet ouvrage r\u00e9v\u00e8le comment apr\u00e8s la victoire des envahisseurs esclavagistes arabo-musulmans puis les n\u00e9griers europ\u00e9ens les traumatismes subis par les anc\u00eatres sont rest\u00e9s inscrits dans leurs cellules. La forme de r\u00e9tention de ces traumas, ainsi que les m\u00e9canismes de transmissions sont abord\u00e9s avec des exemples \u00e0 l\u2019appui.<\/p>\n<p>La traduction des cons\u00e9quences de ces souffrances \u00e0 travers les comportements depuis des si\u00e8cles et les \u00e9v\u00e8nements contemporains qui attisent ces souffrances devrait aboutir \u00e0 un moment donn\u00e9 \u00e0 un \u00e9veil par de nouveaux chocs traumatiques<\/p>\n<p>Cet \u00e9veil des peuples devrait avoir \u00e0 son tour comme cons\u00e9quence, le basculement du monde qui a fonctionn\u00e9 \u00e0 l\u2019envers depuis le VII \u00e9me si\u00e8cle. Lequel basculement d\u00e9boucherait sur un monde multipolaire et la fin de l\u2019h\u00e9g\u00e9monie des Etats-Unis avec la d\u00e9dollarisation. Le processus d\u00e9marr\u00e9 au Mali, par son caract\u00e8re irr\u00e9versible devrait s\u2019\u00e9tendre comme boule de neige \u00e0 d\u2019autres pays du continent pour voir les peuples opprim\u00e9s depuis des si\u00e8cles relever enfin la t\u00eate pour prendre leur destin en main\u2026Tout cela publi\u00e9 en 2023 et de grandes librairies ont re\u00e7u des pressions pour ne pas de diffuser.<\/p>\n<p><strong>D\u00a0: \u00ab\u00a0La puissance des liens invisibles et les petits secrets de la vie\u00a0\u00bb. Cette \u0153uvre parle des r\u00e9alit\u00e9s b\u00e9ninoises et africaines. Peut-on en savoir plus\u00a0?<\/strong><\/p>\n<p><strong>E.D.Q<\/strong>\u00a0: Cette \u0153uvre contient de nombreux exemples tir\u00e9s du conteste b\u00e9ninois et africain, cependant c\u2019est un livre puissant de d\u00e9veloppement personnel \u00e0 caract\u00e8re universel. Il a \u00e9t\u00e9 traduit en Portugais au Br\u00e9sil o\u00f9 il se diffuse tr\u00e8s bien. Pareil au Mozambique o\u00f9 les Mozambicains tout comme les Br\u00e9siliens disent que la place de Madame Dossa est chez eux. Madagascar aussi a exprim\u00e9 le m\u00eame d\u00e9sir. Les Angolais me rappellent qu\u2019ils sont juste \u00e0 c\u00f4t\u00e9\u00a0et qu\u2019ils m\u2019attendent\u00a0!<\/p>\n<p>En Europe, dans les librairies, \u00ab\u00a0La puissance des liens invisibles\u2026\u00bb se trouve dans deux rayons\u00a0: d\u00e9veloppement personnel et aussi spirituel.<\/p>\n<p>Ce sont les gens qui l\u2019ont achet\u00e9 qui en font la publicit\u00e9. En effet, la parole a une puissance, la pens\u00e9e a une puissance et le regard aussi.<\/p>\n<p>Je laisse ceux qui ne l\u2019ont pas encore lu, le lire et en juger par eux-m\u00eames.<\/p>\n<p>R\u00e9\u00e9dit\u00e9 deux fois en Br\u00e9silien, il l\u2019a \u00e9t\u00e9 \u00e9galement deux fois d\u00e9j\u00e0 en fran\u00e7ais et la troisi\u00e8me \u00e9dition est pour bient\u00f4t.<\/p>\n<p>En tant que psychologue interculturelle, mes s\u00e9ances de consultation sont g\u00e9n\u00e9ralement compl\u00e9t\u00e9es par la lecture de la \u00ab\u00a0Puissance ..\u00a0\u00bb que je recommande. Tr\u00e8s efficace\u00a0!<\/p>\n<p><strong>D\u00a0: La violence trouve une place de choix dans vos ouvrages. Que peut-on retenir de la \u00ab\u00a0Probl\u00e9matique de la violence, h\u00e9ritage g\u00e9n\u00e9tique ou \u00e9pig\u00e9n\u00e9tique\u00a0\u00bb\u00a0?<\/strong><\/p>\n<p><strong>\u00a0E. <\/strong><strong>D. Q<\/strong>: Le monde qui nous entoure devient de plus en plus violent et cette violence n\u2019\u00e9pargne personne ni aucun milieu.<\/p>\n<p>Les sp\u00e9cialistes Psychologues, Psychanalystes, Psychiatres et autres personnels de sant\u00e9 r\u00e9unis en concertation internationale sur la question de la violence \u00e0 S\u00e9ville en Espagne, ont conclu que la violence est d\u2019origine g\u00e9n\u00e9tique donc dans nos ADN et personne n\u2019y pourra rien. En tant que G\u00e9n\u00e9ticienne, j\u2019ai entrepris de d\u00e9monter cette conclusion qui si elle \u00e9tait av\u00e9r\u00e9e, condamnerait l\u2019humanit\u00e9. En poussant donc plus loin encore mes recherches, j\u2019ai trouv\u00e9 utile de mettre ces r\u00e9sultats \u00e0 la port\u00e9e de toutes et de tous. La g\u00e9n\u00e9tique est irr\u00e9versible tandis que l\u2019\u00e9pig\u00e9n\u00e9tique est r\u00e9versible\u00a0! Il a donc fallu remonter \u00e0 nos anc\u00eatres de la vall\u00e9e du Nil pour d\u00e9crypter \u00e0 travers la vie qu\u2019ils menaient s\u2019il existait des traces de violence. La r\u00e9ponse est non\u00a0! Donc la violence a \u00e9t\u00e9 acquise.\u00a0 Mais \u00e0 partir de quel moment\u00a0? Sous quelle forme et quel en est le m\u00e9canisme de transmission\u00a0? C\u2019est la d\u00e9marche suivie qui m\u2019a conduite \u00e0 la conclusion de la nature \u00e9pig\u00e9n\u00e9tique de la violence.<\/p>\n<p><strong>D\u00a0: Un mot sur les Editions IDL<\/strong><\/p>\n<p><strong>\u00a0E.D.Q\u00a0: Je pr\u00e9f\u00e8re garder le silence pour l\u2019instant. Merci<\/strong><\/p>\n<p>Je dirai simplement que mes livres se trouvent\u00a0:<\/p>\n<p><strong>Au B\u00e9nin<\/strong>\u00a0: dans les librairies suivantes<\/p>\n<ul>\n<li>Librairie Notre Dame \u00e0 Cotonou et dans toutes les villes<\/li>\n<li>Librairie Delphina pr\u00e8s de la Pharmacie de l\u2019Etoile \u00e0 Cotonou<\/li>\n<li>Librairie Savoir d\u2019Afrique \u00e0 Akpakpa<\/li>\n<li>Librairie B\u00e9nin livre \u00e0 Porto Novo<\/li>\n<li>Librairie SONAEC \u00e0 Cotonou<\/li>\n<li>Librairie Bon Pasteur \u00e0 Cotonou<\/li>\n<li>Chez OMANI P\u00e2tisserie<\/li>\n<\/ul>\n<p><strong>Au Togo\u00a0: <\/strong><\/p>\n<ul>\n<li>Librairie Pasteur \u00e0 Lom\u00e9<\/li>\n<li>Librairie Source Africaine \u00e0 Lom\u00e9<\/li>\n<\/ul>\n<p><strong>Au S\u00e9n\u00e9gal<\/strong>\u00a0:<\/p>\n<ul>\n<li>Librairie Clair Afrique \u00e0 Dakar<\/li>\n<li>Librairie les quatre vents \u00e0 Dakar<\/li>\n<\/ul>\n<p><strong>En France\u00a0:<\/strong><\/p>\n<ul>\n<li>Librairie MAAMAT de Zamba \u00e0 la Courneuve<\/li>\n<li>Librairie Tiers Mythe \u00e0 Paris<\/li>\n<li>Librairie Tamery \u00e0 Paris<\/li>\n<li>Librairie Pierre Lescure \u00e0 Ermont<\/li>\n<\/ul>\n","protected":false},"excerpt":{"rendered":"<p>Eugenie Dossa Quenum est une Ing\u00e9nieur-Biologiste de formation, psychologue et chercheure ind\u00e9pendante en sciences politique et sociale. Aujourd\u2019hui, elle s\u2019illustre par sa production litt\u00e9raire. Au d\u00e9tour de cette interview exclusive, Eugenie nous parle de son parcours, de ses combats et sa production litt\u00e9raire. Une production aussi riche que vari\u00e9e avec des th\u00e8mes int\u00e9ressants et importants [&hellip;]<\/p>\n","protected":false},"author":2,"featured_media":3146,"comment_status":"open","ping_status":"closed","sticky":false,"template":"","format":"standard","meta":{"content-type":"","footnotes":""},"categories":[2,16,11,14,12,8],"tags":[],"class_list":{"0":"post-3145","1":"post","2":"type-post","3":"status-publish","4":"format-standard","5":"has-post-thumbnail","7":"category-actualites","8":"category-afrique","9":"category-benin","10":"category-culture-et-divertissement","11":"category-science-et-technologie","12":"category-societe"},"_links":{"self":[{"href":"https:\/\/djarobi.com\/index.php\/wp-json\/wp\/v2\/posts\/3145","targetHints":{"allow":["GET"]}}],"collection":[{"href":"https:\/\/djarobi.com\/index.php\/wp-json\/wp\/v2\/posts"}],"about":[{"href":"https:\/\/djarobi.com\/index.php\/wp-json\/wp\/v2\/types\/post"}],"author":[{"embeddable":true,"href":"https:\/\/djarobi.com\/index.php\/wp-json\/wp\/v2\/users\/2"}],"replies":[{"embeddable":true,"href":"https:\/\/djarobi.com\/index.php\/wp-json\/wp\/v2\/comments?post=3145"}],"version-history":[{"count":3,"href":"https:\/\/djarobi.com\/index.php\/wp-json\/wp\/v2\/posts\/3145\/revisions"}],"predecessor-version":[{"id":3151,"href":"https:\/\/djarobi.com\/index.php\/wp-json\/wp\/v2\/posts\/3145\/revisions\/3151"}],"wp:featuredmedia":[{"embeddable":true,"href":"https:\/\/djarobi.com\/index.php\/wp-json\/wp\/v2\/media\/3146"}],"wp:attachment":[{"href":"https:\/\/djarobi.com\/index.php\/wp-json\/wp\/v2\/media?parent=3145"}],"wp:term":[{"taxonomy":"category","embeddable":true,"href":"https:\/\/djarobi.com\/index.php\/wp-json\/wp\/v2\/categories?post=3145"},{"taxonomy":"post_tag","embeddable":true,"href":"https:\/\/djarobi.com\/index.php\/wp-json\/wp\/v2\/tags?post=3145"}],"curies":[{"name":"wp","href":"https:\/\/api.w.org\/{rel}","templated":true}]}}