{"id":3086,"date":"2025-05-08T18:08:34","date_gmt":"2025-05-08T18:08:34","guid":{"rendered":"https:\/\/djarobi.com\/?p=3086"},"modified":"2025-05-08T19:44:16","modified_gmt":"2025-05-08T19:44:16","slug":"nouveau-pape-leon-xiv-qui-est-robert-francis-prevost","status":"publish","type":"post","link":"https:\/\/djarobi.com\/index.php\/2025\/05\/08\/nouveau-pape-leon-xiv-qui-est-robert-francis-prevost\/","title":{"rendered":"Nouveau Pape L\u00e9on XIV: Qui est Robert Francis Pr\u00e9vost"},"content":{"rendered":"<table class=\"t1\" cellspacing=\"0\" cellpadding=\"0\">\n<tbody>\n<tr>\n<td class=\"td1\" valign=\"top\"><\/td>\n<\/tr>\n<\/tbody>\n<\/table>\n<table class=\"t1\" cellspacing=\"0\" cellpadding=\"0\">\n<tbody>\n<tr>\n<td class=\"td1\" valign=\"top\">\n<p class=\"p2\"><span class=\"s2\"><a href=\"https:\/\/www.wikidata.org\/wiki\/Wikidata:Events\/Coordinate_Me_2025\">Religion<\/a>: Le nouveau Pape L\u00e9on XIV: Qui est Robert Francis Pr\u00e9vost?<\/span><\/p>\n<\/td>\n<td class=\"td1\" valign=\"top\"><\/td>\n<\/tr>\n<\/tbody>\n<\/table>\n<p class=\"p3\"><span class=\"s3\">L\u00e9on XIV<\/span><\/p>\n<p class=\"p3\"><span class=\"s3\">pape de l&rsquo;eglise catholique depuis 2025<\/span><\/p>\n<ul class=\"ul1\">\n<li class=\"li3\"><span class=\"s3\"><br \/>\nLangue<br \/>\n<\/span><\/li>\n<\/ul>\n<p class=\"p3\"><span class=\"s5\">Robert Francis Prevost<\/span><span class=\"s3\">, <a href=\"https:\/\/fr.m.wikipedia.org\/wiki\/Ordre_de_Saint_Augustin\">OSA<\/a>, n\u00e9 le 14 septembre 1955 \u00e0 <a href=\"https:\/\/fr.m.wikipedia.org\/wiki\/Chicago\">Chicago<\/a>, est depuis le 8 mai 2025 le 267e \u00e9v\u00eaque de Rome et donc \u00ab\u00a0successeur de Pierre\u00a0\u00bb et le <a href=\"https:\/\/fr.m.wikipedia.org\/wiki\/Pape\">pape<\/a> de l&rsquo;<a href=\"https:\/\/fr.m.wikipedia.org\/wiki\/%C3%89glise_catholique\">\u00c9glise catholique<\/a>, qu&rsquo;il gouverne sous le nom de <\/span><span class=\"s5\">L\u00e9on\u00a0XIV<\/span><span class=\"s3\">. (nom latin\u00a0: Leo XIV; nom italien\u00a0: Leone XIV) Il est de nationalit\u00e9 <a href=\"https:\/\/fr.m.wikipedia.org\/wiki\/Am%C3%A9ricains_(peuple)\">am\u00e9ricano<\/a>&#8211;<a href=\"https:\/\/fr.m.wikipedia.org\/wiki\/P%C3%A9rou\">p\u00e9ruvienne<\/a>et membre de l&rsquo;<a href=\"https:\/\/fr.m.wikipedia.org\/wiki\/Ordre_de_Saint_Augustin\">ordre de Saint Augustin<\/a>. Il est en poste au <a href=\"https:\/\/fr.m.wikipedia.org\/wiki\/P%C3%A9rou\">P\u00e9rou<\/a>entre 1985 et 1998, puis exerce des responsabilit\u00e9s \u00e0 la maison-m\u00e8re de son ordre \u00e0 Rome de 2001 \u00e0 2013. Il est alors nomm\u00e9 \u00e9v\u00eaque du <a href=\"https:\/\/fr.m.wikipedia.org\/wiki\/Dioc%C3%A8se_de_Chiclayo\">dioc\u00e8se de Chiclayo<\/a>. Le 30 janvier 2023, il est nomm\u00e9 pour succ\u00e9der au <a href=\"https:\/\/fr.m.wikipedia.org\/wiki\/Marc_Ouellet\">cardinal Ouellet<\/a>\u00e0 la t\u00eate du <a href=\"https:\/\/fr.m.wikipedia.org\/wiki\/Dicast%C3%A8re_pour_les_%C3%A9v%C3%AAques\">Dicast\u00e8re pour les \u00e9v\u00eaques<\/a>et prend ses fonctions le 12 avril suivant. Il est cr\u00e9\u00e9 <a href=\"https:\/\/fr.m.wikipedia.org\/wiki\/Cardinal_(religion)\">cardinal<\/a>le 30 septembre 2023.<\/span><\/p>\n<table class=\"t1\" cellspacing=\"0\" cellpadding=\"0\">\n<tbody>\n<tr>\n<td class=\"td1\" valign=\"top\"><\/td>\n<\/tr>\n<\/tbody>\n<\/table>\n<table class=\"t1\" cellspacing=\"0\" cellpadding=\"0\">\n<tbody>\n<tr>\n<td class=\"td1\" valign=\"top\">\n<p class=\"p2\"><span class=\"s2\">L\u00e9on XIV<\/span><\/p>\n<\/td>\n<td class=\"td1\" valign=\"top\"><\/td>\n<td class=\"td1\" valign=\"top\"><\/td>\n<\/tr>\n<tr>\n<td class=\"td1\" valign=\"top\"><\/td>\n<td class=\"td1\" valign=\"top\"><\/td>\n<td class=\"td1\" valign=\"top\"><\/td>\n<\/tr>\n<tr>\n<td class=\"td1\" valign=\"top\">\n<p class=\"p2\"><span class=\"s2\">Biographie<\/span><\/p>\n<\/td>\n<td class=\"td1\" valign=\"top\"><\/td>\n<td class=\"td1\" valign=\"top\"><\/td>\n<\/tr>\n<tr>\n<td class=\"td1\" valign=\"top\">\n<p class=\"p2\"><span class=\"s2\">Naissance<\/span><\/p>\n<\/td>\n<td class=\"td1\" valign=\"top\">\n<p class=\"p2\"><span class=\"s6\"><a href=\"https:\/\/fr.m.wikipedia.org\/wiki\/14_septembre\">14<\/a> <a href=\"https:\/\/fr.m.wikipedia.org\/wiki\/Septembre_1955\">septembre<\/a> <a href=\"https:\/\/fr.m.wikipedia.org\/wiki\/1955\">1955<\/a>(69\u00a0ans)<\/span><\/p>\n<p class=\"p2\"><span class=\"s6\"><a href=\"https:\/\/fr.m.wikipedia.org\/wiki\/Chicago\">Chicago<\/a> (<a href=\"https:\/\/fr.m.wikipedia.org\/wiki\/%C3%89tats-Unis\">\u00c9tats-Unis<\/a>)<\/span><\/p>\n<\/td>\n<td class=\"td1\" valign=\"top\"><\/td>\n<\/tr>\n<tr>\n<td class=\"td1\" valign=\"top\">\n<p class=\"p2\"><span class=\"s2\">Ordre religieux<\/span><\/p>\n<\/td>\n<td class=\"td1\" valign=\"top\">\n<p class=\"p2\"><span class=\"s6\"><a href=\"https:\/\/fr.m.wikipedia.org\/wiki\/Ordre_de_Saint_Augustin\">Ordre de Saint Augustin<\/a><\/span><\/p>\n<\/td>\n<td class=\"td1\" valign=\"top\"><\/td>\n<\/tr>\n<tr>\n<td class=\"td1\" valign=\"top\">\n<p class=\"p2\"><span class=\"s2\">Profession solennelle<\/span><\/p>\n<\/td>\n<td class=\"td1\" valign=\"top\">\n<p class=\"p2\"><span class=\"s6\"><a href=\"https:\/\/fr.m.wikipedia.org\/wiki\/29_ao%C3%BBt\">29<\/a> <a href=\"https:\/\/fr.m.wikipedia.org\/wiki\/Ao%C3%BBt_1981\">ao\u00fbt<\/a> <a href=\"https:\/\/fr.m.wikipedia.org\/wiki\/1981\">1981<\/a><\/span><\/p>\n<\/td>\n<td class=\"td1\" valign=\"top\"><\/td>\n<\/tr>\n<tr>\n<td class=\"td1\" valign=\"top\">\n<p class=\"p2\"><span class=\"s2\"><a href=\"https:\/\/fr.m.wikipedia.org\/wiki\/Ordination\">Ordination sacerdotale<\/a><\/span><\/p>\n<\/td>\n<td class=\"td1\" valign=\"top\">\n<p class=\"p2\"><span class=\"s6\"><a href=\"https:\/\/fr.m.wikipedia.org\/wiki\/19_juin\">19<\/a> <a href=\"https:\/\/fr.m.wikipedia.org\/wiki\/Juin_1982\">juin<\/a> <a href=\"https:\/\/fr.m.wikipedia.org\/wiki\/1982\">1982<\/a><\/span><\/p>\n<\/td>\n<td class=\"td1\" valign=\"top\"><\/td>\n<\/tr>\n<tr>\n<td class=\"td1\" valign=\"top\">\n<p class=\"p2\"><span class=\"s2\">Pape de l&rsquo;\u00c9glise catholique<\/span><\/p>\n<\/td>\n<td class=\"td1\" valign=\"top\"><\/td>\n<td class=\"td1\" valign=\"top\"><\/td>\n<\/tr>\n<tr>\n<td class=\"td1\" valign=\"top\">\n<p class=\"p2\"><span class=\"s2\">\u00c9lection au pontificat<\/span><\/p>\n<\/td>\n<td class=\"td1\" valign=\"top\">\n<p class=\"p2\"><span class=\"s6\"><a href=\"https:\/\/fr.m.wikipedia.org\/wiki\/8_mai\">8<\/a> <a href=\"https:\/\/fr.m.wikipedia.org\/wiki\/Mai_2025\">mai<\/a> <a href=\"https:\/\/fr.m.wikipedia.org\/wiki\/2025\">2025<\/a> (\u00e0 69 ans)<\/span><\/p>\n<\/td>\n<td class=\"td1\" valign=\"top\"><\/td>\n<\/tr>\n<tr>\n<td class=\"td1\" valign=\"top\"><\/td>\n<td class=\"td1\" valign=\"top\"><\/td>\n<td class=\"td1\" valign=\"top\"><\/td>\n<\/tr>\n<tr>\n<td class=\"td1\" valign=\"top\">\n<p class=\"p2\"><span class=\"s2\">Cardinal de l&rsquo;\u00c9glise catholique<\/span><\/p>\n<\/td>\n<td class=\"td1\" valign=\"top\"><\/td>\n<td class=\"td1\" valign=\"top\"><\/td>\n<\/tr>\n<tr>\n<td class=\"td1\" valign=\"top\">\n<p class=\"p2\"><span class=\"s2\">Cr\u00e9\u00e9<\/span><\/p>\n<p class=\"p2\"><span class=\"s2\">cardinal<\/span><\/p>\n<\/td>\n<td class=\"td1\" valign=\"top\">\n<p class=\"p2\"><span class=\"s6\"><a href=\"https:\/\/fr.m.wikipedia.org\/wiki\/30_septembre\">30<\/a> <a href=\"https:\/\/fr.m.wikipedia.org\/wiki\/Septembre_2023\">septembre<\/a> <a href=\"https:\/\/fr.m.wikipedia.org\/wiki\/2023\">2023<\/a>par le <a href=\"https:\/\/fr.m.wikipedia.org\/wiki\/Pape_Fran%C3%A7ois\">pape Fran\u00e7ois<\/a><\/span><\/p>\n<\/td>\n<td class=\"td1\" valign=\"top\"><\/td>\n<\/tr>\n<tr>\n<td class=\"td1\" valign=\"top\">\n<p class=\"p2\"><span class=\"s2\"><a href=\"https:\/\/fr.m.wikipedia.org\/wiki\/Titre_cardinalice\">Titre cardinalice<\/a><\/span><\/p>\n<\/td>\n<td class=\"td1\" valign=\"top\">\n<p class=\"p2\"><span class=\"s6\">\u2022 <a href=\"https:\/\/fr.m.wikipedia.org\/wiki\/Cardinal-diacre\">Cardinal-diacre<\/a> de <a href=\"https:\/\/fr.m.wikipedia.org\/wiki\/Santa_Monica_(titre_cardinalice)\"><span class=\"s7\">Santa Monica<\/span><\/a>(2023-2025)<\/span><\/p>\n<p class=\"p2\"><span class=\"s6\"> \u2022 <a href=\"https:\/\/fr.m.wikipedia.org\/wiki\/Cardinal-%C3%A9v%C3%AAque\">Cardinal-\u00e9v\u00eaque<\/a>d&rsquo;<a href=\"https:\/\/fr.m.wikipedia.org\/wiki\/Dioc%C3%A8se_suburbicaire_d%27Albano\"><span class=\"s7\">Albano<\/span><\/a> (2025)<\/span><\/p>\n<\/td>\n<td class=\"td1\" valign=\"top\"><\/td>\n<\/tr>\n<tr>\n<td class=\"td1\" valign=\"top\">\n<p class=\"p2\"><span class=\"s2\">\u00c9v\u00eaque de l&rsquo;\u00c9glise catholique<\/span><\/p>\n<\/td>\n<td class=\"td1\" valign=\"top\"><\/td>\n<td class=\"td1\" valign=\"top\"><\/td>\n<\/tr>\n<tr>\n<td class=\"td1\" valign=\"top\">\n<p class=\"p2\"><span class=\"s2\"><a href=\"https:\/\/fr.m.wikipedia.org\/wiki\/Ordination_%C3%A9piscopale_de_rite_romain\">Ordination \u00e9piscopale<\/a><\/span><\/p>\n<\/td>\n<td class=\"td1\" valign=\"top\">\n<p class=\"p2\"><span class=\"s6\"><a href=\"https:\/\/fr.m.wikipedia.org\/wiki\/12_d%C3%A9cembre\">12<\/a> <a href=\"https:\/\/fr.m.wikipedia.org\/wiki\/D%C3%A9cembre_2014\">d\u00e9cembre<\/a> <a href=\"https:\/\/fr.m.wikipedia.org\/wiki\/2014\">2014<\/a><\/span><\/p>\n<p class=\"p2\"><span class=\"s6\">par <a href=\"https:\/\/fr.m.wikipedia.org\/wiki\/James_Patrick_Green\">James Patrick Green<\/a><\/span><\/p>\n<\/td>\n<td class=\"td1\" valign=\"top\"><\/td>\n<\/tr>\n<tr>\n<td class=\"td1\" valign=\"top\">\n<p class=\"p2\"><span class=\"s2\">Dernier titre ou fonction<\/span><\/p>\n<\/td>\n<td class=\"td1\" valign=\"top\">\n<p class=\"p2\"><span class=\"s6\">Pr\u00e9fet du <a href=\"https:\/\/fr.m.wikipedia.org\/wiki\/Dicast%C3%A8re_pour_les_%C3%A9v%C3%AAques\">Dicast\u00e8re pour les \u00e9v\u00eaques<\/a><\/span><\/p>\n<\/td>\n<td class=\"td1\" valign=\"top\"><\/td>\n<\/tr>\n<tr>\n<td class=\"td1\" valign=\"top\">\n<p class=\"p2\"><span class=\"s2\">Pr\u00e9fet du <a href=\"https:\/\/fr.m.wikipedia.org\/wiki\/Dicast%C3%A8re_pour_les_%C3%A9v%C3%AAques\">Dicast\u00e8re pour les \u00e9v\u00eaques<\/a><\/span><\/p>\n<\/td>\n<td class=\"td1\" valign=\"top\"><\/td>\n<td class=\"td1\" valign=\"top\"><\/td>\n<\/tr>\n<tr>\n<td class=\"td1\" valign=\"top\">\n<p class=\"p2\"><span class=\"s2\">Depuis le <a href=\"https:\/\/fr.m.wikipedia.org\/wiki\/30_janvier\">30<\/a> <a href=\"https:\/\/fr.m.wikipedia.org\/wiki\/Janvier_2023\">janvier<\/a> <a href=\"https:\/\/fr.m.wikipedia.org\/wiki\/2023\">2023<\/a><\/span><\/p>\n<\/td>\n<td class=\"td1\" valign=\"top\"><\/td>\n<td class=\"td1\" valign=\"top\"><\/td>\n<\/tr>\n<tr>\n<td class=\"td1\" valign=\"top\"><\/td>\n<td class=\"td1\" valign=\"top\"><\/td>\n<td class=\"td1\" valign=\"top\"><\/td>\n<\/tr>\n<tr>\n<td class=\"td1\" valign=\"top\">\n<p class=\"p2\"><span class=\"s2\"><a href=\"https:\/\/fr.m.wikipedia.org\/wiki\/Archev%C3%AAque\">Archev\u00eaque<\/a> <\/span><span class=\"s8\">ad personnam<\/span><\/p>\n<p class=\"p2\"><span class=\"s2\">Pr\u00e9sident de la <a href=\"https:\/\/fr.m.wikipedia.org\/wiki\/Commission_pontificale_pour_l%27Am%C3%A9rique_latine\">Commission pontificale pour l&rsquo;Am\u00e9rique latine<\/a><\/span><\/p>\n<\/td>\n<td class=\"td1\" valign=\"top\"><\/td>\n<td class=\"td1\" valign=\"top\"><\/td>\n<\/tr>\n<tr>\n<td class=\"td1\" valign=\"top\">\n<p class=\"p2\"><span class=\"s2\"><a href=\"https:\/\/fr.m.wikipedia.org\/wiki\/30_janvier\">30<\/a> <a href=\"https:\/\/fr.m.wikipedia.org\/wiki\/Janvier_2023\">janvier<\/a> <a href=\"https:\/\/fr.m.wikipedia.org\/wiki\/2023\">2023<\/a> \u2013 <a href=\"https:\/\/fr.m.wikipedia.org\/wiki\/30_septembre\">30<\/a> <a href=\"https:\/\/fr.m.wikipedia.org\/wiki\/Septembre_2023\">septembre<\/a> <a href=\"https:\/\/fr.m.wikipedia.org\/wiki\/2023\">2023<\/a><\/span><\/p>\n<\/td>\n<td class=\"td1\" valign=\"top\"><\/td>\n<td class=\"td1\" valign=\"top\"><\/td>\n<\/tr>\n<tr>\n<td class=\"td1\" valign=\"top\"><\/td>\n<td class=\"td1\" valign=\"top\"><\/td>\n<td class=\"td1\" valign=\"top\"><\/td>\n<\/tr>\n<tr>\n<td class=\"td1\" valign=\"top\">\n<p class=\"p2\"><span class=\"s2\"><a href=\"https:\/\/fr.m.wikipedia.org\/wiki\/Dioc%C3%A8se_de_Chiclayo\">Ev\u00eaque de Chiclayo<\/a><\/span><\/p>\n<\/td>\n<td class=\"td1\" valign=\"top\"><\/td>\n<td class=\"td1\" valign=\"top\"><\/td>\n<\/tr>\n<tr>\n<td class=\"td1\" valign=\"top\">\n<p class=\"p2\"><span class=\"s2\"><a href=\"https:\/\/fr.m.wikipedia.org\/wiki\/3_novembre\">3<\/a> <a href=\"https:\/\/fr.m.wikipedia.org\/wiki\/Novembre_2014\">novembre<\/a> <a href=\"https:\/\/fr.m.wikipedia.org\/wiki\/2014\">2014<\/a> \u2013 <a href=\"https:\/\/fr.m.wikipedia.org\/wiki\/30_janvier\">30<\/a> <a href=\"https:\/\/fr.m.wikipedia.org\/wiki\/Janvier_2023\">janvier<\/a> <a href=\"https:\/\/fr.m.wikipedia.org\/wiki\/2023\">2023<\/a><\/span><\/p>\n<\/td>\n<td class=\"td1\" valign=\"top\"><\/td>\n<td class=\"td1\" valign=\"top\"><\/td>\n<\/tr>\n<tr>\n<td class=\"td1\" valign=\"top\"><\/td>\n<td class=\"td1\" valign=\"top\"><\/td>\n<td class=\"td1\" valign=\"top\"><\/td>\n<\/tr>\n<tr>\n<td class=\"td1\" valign=\"top\">\n<p class=\"p2\"><span class=\"s2\">Prieur g\u00e9n\u00e9ral de l&rsquo;<a href=\"https:\/\/fr.m.wikipedia.org\/wiki\/Ordre_de_Saint_Augustin\">ordre de Saint Augustin<\/a><\/span><\/p>\n<\/td>\n<td class=\"td1\" valign=\"top\"><\/td>\n<td class=\"td1\" valign=\"top\"><\/td>\n<\/tr>\n<tr>\n<td class=\"td1\" valign=\"top\">\n<p class=\"p2\"><span class=\"s2\"><a href=\"https:\/\/fr.m.wikipedia.org\/wiki\/14_septembre\">14<\/a> <a href=\"https:\/\/fr.m.wikipedia.org\/wiki\/Septembre_2001\">septembre<\/a> <a href=\"https:\/\/fr.m.wikipedia.org\/wiki\/2001\">2001<\/a> \u2013 <a href=\"https:\/\/fr.m.wikipedia.org\/wiki\/4_septembre\">4<\/a> <a href=\"https:\/\/fr.m.wikipedia.org\/wiki\/Septembre_2013\">septembre<\/a> <a href=\"https:\/\/fr.m.wikipedia.org\/wiki\/2013\">2013<\/a><\/span><\/p>\n<\/td>\n<td class=\"td1\" valign=\"top\"><\/td>\n<td class=\"td1\" valign=\"top\"><\/td>\n<\/tr>\n<tr>\n<td class=\"td1\" valign=\"top\"><\/td>\n<td class=\"td1\" valign=\"top\"><\/td>\n<td class=\"td1\" valign=\"top\"><\/td>\n<\/tr>\n<tr>\n<td class=\"td1\" valign=\"top\">\n<p class=\"p2\"><span class=\"s2\">Autres fonctions<\/span><\/p>\n<\/td>\n<td class=\"td1\" valign=\"top\"><\/td>\n<td class=\"td1\" valign=\"top\"><\/td>\n<\/tr>\n<tr>\n<td class=\"td1\" valign=\"top\">\n<p class=\"p2\"><span class=\"s2\">Fonction religieuse<\/span><\/p>\n<\/td>\n<td class=\"td1\" valign=\"top\"><\/td>\n<td class=\"td1\" valign=\"top\"><\/td>\n<\/tr>\n<tr>\n<td class=\"td1\" valign=\"top\">\n<p class=\"p2\"><span class=\"s6\">\u2022 Prieur provincial<\/span><\/p>\n<\/td>\n<td class=\"td1\" valign=\"top\"><\/td>\n<td class=\"td1\" valign=\"top\"><\/td>\n<\/tr>\n<tr>\n<td class=\"td1\" valign=\"top\">\n<p class=\"p2\"><span class=\"s6\">Source Wikip\u00e9dia <\/span><\/p>\n<\/td>\n<td class=\"td1\" valign=\"top\"><\/td>\n<td class=\"td1\" valign=\"top\"><\/td>\n<\/tr>\n<tr>\n<td class=\"td1\" valign=\"top\"><\/td>\n<td class=\"td1\" valign=\"top\"><\/td>\n<td class=\"td1\" valign=\"top\"><\/td>\n<\/tr>\n<tr>\n<td class=\"td1\" valign=\"top\"><\/td>\n<td class=\"td1\" valign=\"top\"><\/td>\n<td class=\"td1\" valign=\"top\"><\/td>\n<\/tr>\n<tr>\n<td class=\"td1\" valign=\"top\"><\/td>\n<td class=\"td1\" valign=\"top\"><\/td>\n<td class=\"td1\" valign=\"top\"><\/td>\n<\/tr>\n<tr>\n<td class=\"td1\" valign=\"top\"><\/td>\n<td class=\"td1\" valign=\"top\"><\/td>\n<td class=\"td1\" valign=\"top\"><\/td>\n<\/tr>\n<\/tbody>\n<\/table>\n","protected":false},"excerpt":{"rendered":"<p>Religion: Le nouveau Pape L\u00e9on XIV: Qui est Robert Francis Pr\u00e9vost? L\u00e9on XIV pape de l&rsquo;eglise catholique depuis 2025 Langue Robert Francis Prevost, OSA, n\u00e9 le 14 septembre 1955 \u00e0 Chicago, est depuis le 8 mai 2025 le 267e \u00e9v\u00eaque de Rome et donc \u00ab\u00a0successeur de Pierre\u00a0\u00bb et le pape de l&rsquo;\u00c9glise catholique, qu&rsquo;il gouverne [&hellip;]<\/p>\n","protected":false},"author":2,"featured_media":3087,"comment_status":"open","ping_status":"closed","sticky":false,"template":"","format":"standard","meta":{"content-type":"","footnotes":""},"categories":[2,16,11,14],"tags":[],"class_list":{"0":"post-3086","1":"post","2":"type-post","3":"status-publish","4":"format-standard","5":"has-post-thumbnail","7":"category-actualites","8":"category-afrique","9":"category-benin","10":"category-culture-et-divertissement"},"_links":{"self":[{"href":"https:\/\/djarobi.com\/index.php\/wp-json\/wp\/v2\/posts\/3086","targetHints":{"allow":["GET"]}}],"collection":[{"href":"https:\/\/djarobi.com\/index.php\/wp-json\/wp\/v2\/posts"}],"about":[{"href":"https:\/\/djarobi.com\/index.php\/wp-json\/wp\/v2\/types\/post"}],"author":[{"embeddable":true,"href":"https:\/\/djarobi.com\/index.php\/wp-json\/wp\/v2\/users\/2"}],"replies":[{"embeddable":true,"href":"https:\/\/djarobi.com\/index.php\/wp-json\/wp\/v2\/comments?post=3086"}],"version-history":[{"count":1,"href":"https:\/\/djarobi.com\/index.php\/wp-json\/wp\/v2\/posts\/3086\/revisions"}],"predecessor-version":[{"id":3088,"href":"https:\/\/djarobi.com\/index.php\/wp-json\/wp\/v2\/posts\/3086\/revisions\/3088"}],"wp:featuredmedia":[{"embeddable":true,"href":"https:\/\/djarobi.com\/index.php\/wp-json\/wp\/v2\/media\/3087"}],"wp:attachment":[{"href":"https:\/\/djarobi.com\/index.php\/wp-json\/wp\/v2\/media?parent=3086"}],"wp:term":[{"taxonomy":"category","embeddable":true,"href":"https:\/\/djarobi.com\/index.php\/wp-json\/wp\/v2\/categories?post=3086"},{"taxonomy":"post_tag","embeddable":true,"href":"https:\/\/djarobi.com\/index.php\/wp-json\/wp\/v2\/tags?post=3086"}],"curies":[{"name":"wp","href":"https:\/\/api.w.org\/{rel}","templated":true}]}}