{"id":3065,"date":"2025-04-21T10:49:31","date_gmt":"2025-04-21T10:49:31","guid":{"rendered":"https:\/\/djarobi.com\/?p=3065"},"modified":"2025-04-21T10:49:31","modified_gmt":"2025-04-21T10:49:31","slug":"religion-leglise-catholique-pleure-le-pape-francois","status":"publish","type":"post","link":"https:\/\/djarobi.com\/index.php\/2025\/04\/21\/religion-leglise-catholique-pleure-le-pape-francois\/","title":{"rendered":"Religion\u00a0: L\u2019\u00e9glise catholique pleure le Pape Fran\u00e7ois"},"content":{"rendered":"<p class=\"Standard\" style=\"text-align: justify; text-justify: inter-ideograph;\"><span style=\"font-size: 14.0pt; font-family: 'Bookman Old Style',serif;\">Le Saint si\u00e8ge est en deuil. Le Saint P\u00e8re, le Pape Fran\u00e7ois s\u2019est \u00e9teint ce lundi de P\u00e2ques \u00e0 l\u2019\u00e2ge 88 ans. Le rempla\u00e7ant de Pierre a \u00e9t\u00e9 emport\u00e9 par la maladie, qui ces derniers temps, l\u2019a compl\u00e8tement affaibli. C\u2019est le Vatican qui a annonc\u00e9 cette nouvelle qui attriste le monde entier avec une avalanche de r\u00e9actions et d\u2019hommages \u00e0 l\u2019homme de Dieu. <\/span><\/p>\n<p class=\"Standard\" style=\"text-align: justify; text-justify: inter-ideograph;\"><span style=\"font-size: 14.0pt; font-family: 'Bookman Old Style',serif;\">\u00a0<\/span><\/p>\n","protected":false},"excerpt":{"rendered":"<p>Le Saint si\u00e8ge est en deuil. Le Saint P\u00e8re, le Pape Fran\u00e7ois s\u2019est \u00e9teint ce lundi de P\u00e2ques \u00e0 l\u2019\u00e2ge 88 ans. Le rempla\u00e7ant de Pierre a \u00e9t\u00e9 emport\u00e9 par la maladie, qui ces derniers temps, l\u2019a compl\u00e8tement affaibli. C\u2019est le Vatican qui a annonc\u00e9 cette nouvelle qui attriste le monde entier avec une avalanche [&hellip;]<\/p>\n","protected":false},"author":2,"featured_media":3066,"comment_status":"open","ping_status":"closed","sticky":false,"template":"","format":"standard","meta":{"content-type":"","footnotes":""},"categories":[2,16,11,5,8],"tags":[],"class_list":{"0":"post-3065","1":"post","2":"type-post","3":"status-publish","4":"format-standard","5":"has-post-thumbnail","7":"category-actualites","8":"category-afrique","9":"category-benin","10":"category-diplomatie","11":"category-societe"},"_links":{"self":[{"href":"https:\/\/djarobi.com\/index.php\/wp-json\/wp\/v2\/posts\/3065","targetHints":{"allow":["GET"]}}],"collection":[{"href":"https:\/\/djarobi.com\/index.php\/wp-json\/wp\/v2\/posts"}],"about":[{"href":"https:\/\/djarobi.com\/index.php\/wp-json\/wp\/v2\/types\/post"}],"author":[{"embeddable":true,"href":"https:\/\/djarobi.com\/index.php\/wp-json\/wp\/v2\/users\/2"}],"replies":[{"embeddable":true,"href":"https:\/\/djarobi.com\/index.php\/wp-json\/wp\/v2\/comments?post=3065"}],"version-history":[{"count":1,"href":"https:\/\/djarobi.com\/index.php\/wp-json\/wp\/v2\/posts\/3065\/revisions"}],"predecessor-version":[{"id":3067,"href":"https:\/\/djarobi.com\/index.php\/wp-json\/wp\/v2\/posts\/3065\/revisions\/3067"}],"wp:featuredmedia":[{"embeddable":true,"href":"https:\/\/djarobi.com\/index.php\/wp-json\/wp\/v2\/media\/3066"}],"wp:attachment":[{"href":"https:\/\/djarobi.com\/index.php\/wp-json\/wp\/v2\/media?parent=3065"}],"wp:term":[{"taxonomy":"category","embeddable":true,"href":"https:\/\/djarobi.com\/index.php\/wp-json\/wp\/v2\/categories?post=3065"},{"taxonomy":"post_tag","embeddable":true,"href":"https:\/\/djarobi.com\/index.php\/wp-json\/wp\/v2\/tags?post=3065"}],"curies":[{"name":"wp","href":"https:\/\/api.w.org\/{rel}","templated":true}]}}