{"id":3048,"date":"2025-03-30T18:42:24","date_gmt":"2025-03-30T18:42:24","guid":{"rendered":"https:\/\/djarobi.com\/?p=3048"},"modified":"2025-03-31T12:56:25","modified_gmt":"2025-03-31T12:56:25","slug":"benin-patrice-talon-na-pas-de-parole-dixit-azannai","status":"publish","type":"post","link":"https:\/\/djarobi.com\/index.php\/2025\/03\/30\/benin-patrice-talon-na-pas-de-parole-dixit-azannai\/","title":{"rendered":"B\u00e9nin\u00a0: \u00ab\u00a0Patrice Talon n\u2019a pas de parole\u00a0\u00bb, dixit Azanna\u00ef"},"content":{"rendered":"<p class=\"Standard\" style=\"text-align: justify; text-justify: inter-ideograph;\"><span style=\"font-size: 14.0pt; font-family: 'Bookman Old Style',serif;\">Huit ans apr\u00e8s sa d\u00e9mission du premier gouvernement de Patrice Talon, et pour comm\u00e9morer cet anniversaire, le pr\u00e9sident de Restaurer l\u2019Espoir (Re), Candide Azanna\u00ef a eu un grand oral le 27 mars au cours duquel, il a fait des d\u00e9ballages sur Patrice Talon et son r\u00e9gime. Des tentatives de r\u00e9vision de la Constitution \u00e0 sa r\u00e9vision clandestine en 2019, en passant par le mandat unique comme \u00ab\u00a0exigence morale\u00a0\u00bb, et les r\u00e9formes punitives, Candide Azanna\u00ef dit tout sur Patrice Talon qui est, selon lui, loin d\u2019\u00eatre un homme de parole, encore moins un d\u00e9mocrate. Pour l\u2019ancien ministre, \u00ab\u00a0Patrice Talon est incapable de vivre une d\u00e9mocratie plurielle\u00a0\u00bb. Il fustige la m\u00e9ga puissance du pouvoir de Talon qui pourtant avait promis de r\u00e9duire la superpuissance du pouvoir. Et sur le d\u00e9part de Patrice Talon en 2026, Candide Azanna\u00ef n\u2019y croit pas. Il prend pour r\u00e9f\u00e9rence cette d\u00e9claration de Talon le jour de son investiture\u00a0: \u00ab\u00a0Je ferai de mon mandat unique une exigence morale et montrer \u00e0 mes compatriotes qu\u2019en cinq ans on peut faire le job \u00bb. Le pr\u00e9sident de Restaurer l\u2019Espoir n\u2019est pas all\u00e9 par quatre chemins pour montrer que Patrice Talon n\u2019est pas un homme de parole et \u00ab\u00a0qu\u2019il fait de la rh\u00e9torique\u00a0\u00bb. Plus loin, il se demande qui a forc\u00e9 Patrice Talon \u00e0 faire une telle d\u00e9claration et qui finalement fait 5 ans 45 jours et plus encore. Le transfuge de la Renaissance du B\u00e9nin a donc conclu que le pr\u00e9sident b\u00e9ninois n\u2019a rien respect\u00e9 sur ses engagements. Pour appuyer son propos, il a d\u00fb lever un coin de voile sur les tractations qui ont pr\u00e9c\u00e9d\u00e9 la candidature de Patrice Talon en 2016. Tractations au cours desquelles, l\u2019homme dit avoir interpell\u00e9 le candidat sur la question d\u2019un seul mandat. Mais que Patrice Talon y tenait mordicus. Malheureusement \u00e0 l\u2019arriv\u00e9e, Patrice Talon passe outre ses propres engagements librement pris.<\/span><\/p>\n<p class=\"Standard\" style=\"text-align: justify; text-justify: inter-ideograph;\"><span style=\"font-size: 14.0pt; font-family: 'Bookman Old Style',serif;\">Sur la question de ses r\u00e9alisations, Azanna\u00ef ne trouve rien d\u2019extraordinaire. Car pour lui, Talon n\u2019a fait que mettre du bitume sur les voies d\u00e9j\u00e0 trac\u00e9es par les autres. Le coordonnateur national de la R\u00e9sistance \u00e0 Patrice Talon a cit\u00e9 l\u2019\u00e9changeur de Godomey, le Stade de l\u2019Amiti\u00e9 G\u00e9n\u00e9ral Mathieu K\u00e9r\u00e9kou qui reste l\u2019unique stade homologu\u00e9 par la Fifa, comme des r\u00e9alisations des autres pr\u00e9sidents. Et mieux, dira-t-il, pour obtenir ce r\u00e9sultat dont se targue Patrice Talon, il a fallu tuer des B\u00e9ninois, ce qu\u2019aucun pr\u00e9sident n\u2019a fait depuis 1960.<\/span><\/p>\n<p class=\"Standard\" style=\"text-align: justify; text-justify: inter-ideograph;\"><span style=\"font-size: 14.0pt; font-family: 'Bookman Old Style',serif;\">Abdoul Dramane <\/span><\/p>\n","protected":false},"excerpt":{"rendered":"<p>Huit ans apr\u00e8s sa d\u00e9mission du premier gouvernement de Patrice Talon, et pour comm\u00e9morer cet anniversaire, le pr\u00e9sident de Restaurer l\u2019Espoir (Re), Candide Azanna\u00ef a eu un grand oral le 27 mars au cours duquel, il a fait des d\u00e9ballages sur Patrice Talon et son r\u00e9gime. Des tentatives de r\u00e9vision de la Constitution \u00e0 sa [&hellip;]<\/p>\n","protected":false},"author":2,"featured_media":3049,"comment_status":"open","ping_status":"closed","sticky":false,"template":"","format":"standard","meta":{"content-type":"","footnotes":""},"categories":[2,16,11,15,3],"tags":[],"class_list":{"0":"post-3048","1":"post","2":"type-post","3":"status-publish","4":"format-standard","5":"has-post-thumbnail","7":"category-actualites","8":"category-afrique","9":"category-benin","10":"category-election","11":"category-politique"},"_links":{"self":[{"href":"https:\/\/djarobi.com\/index.php\/wp-json\/wp\/v2\/posts\/3048","targetHints":{"allow":["GET"]}}],"collection":[{"href":"https:\/\/djarobi.com\/index.php\/wp-json\/wp\/v2\/posts"}],"about":[{"href":"https:\/\/djarobi.com\/index.php\/wp-json\/wp\/v2\/types\/post"}],"author":[{"embeddable":true,"href":"https:\/\/djarobi.com\/index.php\/wp-json\/wp\/v2\/users\/2"}],"replies":[{"embeddable":true,"href":"https:\/\/djarobi.com\/index.php\/wp-json\/wp\/v2\/comments?post=3048"}],"version-history":[{"count":1,"href":"https:\/\/djarobi.com\/index.php\/wp-json\/wp\/v2\/posts\/3048\/revisions"}],"predecessor-version":[{"id":3050,"href":"https:\/\/djarobi.com\/index.php\/wp-json\/wp\/v2\/posts\/3048\/revisions\/3050"}],"wp:featuredmedia":[{"embeddable":true,"href":"https:\/\/djarobi.com\/index.php\/wp-json\/wp\/v2\/media\/3049"}],"wp:attachment":[{"href":"https:\/\/djarobi.com\/index.php\/wp-json\/wp\/v2\/media?parent=3048"}],"wp:term":[{"taxonomy":"category","embeddable":true,"href":"https:\/\/djarobi.com\/index.php\/wp-json\/wp\/v2\/categories?post=3048"},{"taxonomy":"post_tag","embeddable":true,"href":"https:\/\/djarobi.com\/index.php\/wp-json\/wp\/v2\/tags?post=3048"}],"curies":[{"name":"wp","href":"https:\/\/api.w.org\/{rel}","templated":true}]}}