{"id":3020,"date":"2025-02-27T09:41:19","date_gmt":"2025-02-27T09:41:19","guid":{"rendered":"https:\/\/djarobi.com\/?p=3020"},"modified":"2025-02-27T09:49:34","modified_gmt":"2025-02-27T09:49:34","slug":"benin-propos-de-gbadamassi-contre-houngbedji-la-cour-constitutionnelle-tranche","status":"publish","type":"post","link":"https:\/\/djarobi.com\/index.php\/2025\/02\/27\/benin-propos-de-gbadamassi-contre-houngbedji-la-cour-constitutionnelle-tranche\/","title":{"rendered":"B\u00e9nin\/ Propos de Gbadamassi contre Houngb\u00e9dji\u00a0: La Cour constitutionnelle tranche"},"content":{"rendered":"<p>Dans une d\u00e9cision datant du 20 f\u00e9vrier 2025, la Cour constitutionnelle pr\u00e9sid\u00e9e par le professeur Doroth\u00e9e Sossa a vid\u00e9 les dossiers relatifs \u00e0 la requ\u00eate contre Rachidi Gbadamassi \u00e0 la suite de ses propos envers Ma\u00eetre Adrien Houngb\u00e9dji. Selon cette d\u00e9cision rapport\u00e9e par Le Matinal, la haute juridiction d\u00e9clare que le sieur Gbadamassi n\u2019a pas viol\u00e9 la Constitution. Ces propos \u00e0 en croire le journal, entre dans le cadre de l\u2019animation de la vie politique. \u00ab Les propos incrimin\u00e9s, utilis\u00e9s, du reste, dans le cadre de l\u2019animation de la vie politique, ne r\u00e9v\u00e8lent pas une menace sur l\u2019ordre constitutionnel, la paix et l\u2019unit\u00e9 nationale \u00bb, rapporte le quotidien citant ainsi la Cour Constitutionnelle. La Cour vient ainsi de clarifier un point d\u2019ombre tr\u00e8s important dans l\u2019animation de la vie politique au B\u00e9nin.<\/p>\n<p>En effet, depuis 2016, toute voix critique \u00e0 l\u2019endroit du chef de l\u2019Etat ou du r\u00e9gime est consid\u00e9r\u00e9e soit comme une injure soit comme outrage au chef de l\u2019Etat voire comme du terrorisme avec toutes les cons\u00e9quences. Par cette d\u00e9cision, la haute juridiction vient recentrer le d\u00e9bat. Cette d\u00e9cision constitue une jurisprudence pour tous. Sauf si l\u2019institution fait volte-face d\u00e8s que ce serait le tour d\u2019un opposant en direction d\u2019un mouvancier.<\/p>\n<p><strong>Autant pour Patrice Talon \u00a0<\/strong><\/p>\n<p>Cette d\u00e9cision est sans nul doute valable pour le pr\u00e9sident Patrice Talon qui prend les critiques de l\u2019opposition comme des injures. Il ne ratte d\u2019ailleurs aucune occasion pour d\u00e9noncer ce qu\u2019il appelle injures de la part de l\u2019opposition. Alors que lui-m\u00eame ne cesse de lancer des piques \u00e0 ses adversaires politiques qu\u2019il prend pour ennemis. \u00a0D\u00e9sormais la d\u00e9marcation est faite entre les propos qui entrent dans le cadre de l\u2019animation de la vie politique et menace sur la paix et la s\u00e9curit\u00e9 nationale. Plus aucun homme politique ne devra alors faire objet de poursuite ill\u00e9gale dans le cadre de l\u2019animation de la vie politique. Que cette d\u00e9cision soit valable pour tous les hommes politiques. Dans notre pays, pour avoir \u00e9crit 5 ans c\u2019est 5 ans, des centaines de jeunes ont fait la prison. D\u2019autres en sont morts m\u00eame menott\u00e9s. La rupture et ses sbires se doivent alors savoir que nous sommes en politique et que les critiques qui entrent dans l\u2019animation de la vie politique sont permis par la Constitution.<\/p>\n<p>&nbsp;<\/p>\n<p><strong>Abdoul Dramane \u00a0<\/strong><\/p>\n","protected":false},"excerpt":{"rendered":"<p>Dans une d\u00e9cision datant du 20 f\u00e9vrier 2025, la Cour constitutionnelle pr\u00e9sid\u00e9e par le professeur Doroth\u00e9e Sossa a vid\u00e9 les dossiers relatifs \u00e0 la requ\u00eate contre Rachidi Gbadamassi \u00e0 la suite de ses propos envers Ma\u00eetre Adrien Houngb\u00e9dji. Selon cette d\u00e9cision rapport\u00e9e par Le Matinal, la haute juridiction d\u00e9clare que le sieur Gbadamassi n\u2019a pas [&hellip;]<\/p>\n","protected":false},"author":2,"featured_media":3021,"comment_status":"open","ping_status":"closed","sticky":false,"template":"","format":"standard","meta":{"content-type":"","footnotes":""},"categories":[2,16,11,3],"tags":[],"class_list":{"0":"post-3020","1":"post","2":"type-post","3":"status-publish","4":"format-standard","5":"has-post-thumbnail","7":"category-actualites","8":"category-afrique","9":"category-benin","10":"category-politique"},"_links":{"self":[{"href":"https:\/\/djarobi.com\/index.php\/wp-json\/wp\/v2\/posts\/3020","targetHints":{"allow":["GET"]}}],"collection":[{"href":"https:\/\/djarobi.com\/index.php\/wp-json\/wp\/v2\/posts"}],"about":[{"href":"https:\/\/djarobi.com\/index.php\/wp-json\/wp\/v2\/types\/post"}],"author":[{"embeddable":true,"href":"https:\/\/djarobi.com\/index.php\/wp-json\/wp\/v2\/users\/2"}],"replies":[{"embeddable":true,"href":"https:\/\/djarobi.com\/index.php\/wp-json\/wp\/v2\/comments?post=3020"}],"version-history":[{"count":1,"href":"https:\/\/djarobi.com\/index.php\/wp-json\/wp\/v2\/posts\/3020\/revisions"}],"predecessor-version":[{"id":3022,"href":"https:\/\/djarobi.com\/index.php\/wp-json\/wp\/v2\/posts\/3020\/revisions\/3022"}],"wp:featuredmedia":[{"embeddable":true,"href":"https:\/\/djarobi.com\/index.php\/wp-json\/wp\/v2\/media\/3021"}],"wp:attachment":[{"href":"https:\/\/djarobi.com\/index.php\/wp-json\/wp\/v2\/media?parent=3020"}],"wp:term":[{"taxonomy":"category","embeddable":true,"href":"https:\/\/djarobi.com\/index.php\/wp-json\/wp\/v2\/categories?post=3020"},{"taxonomy":"post_tag","embeddable":true,"href":"https:\/\/djarobi.com\/index.php\/wp-json\/wp\/v2\/tags?post=3020"}],"curies":[{"name":"wp","href":"https:\/\/api.w.org\/{rel}","templated":true}]}}