{"id":2980,"date":"2025-01-10T10:31:03","date_gmt":"2025-01-10T10:31:03","guid":{"rendered":"https:\/\/djarobi.com\/?p=2980"},"modified":"2025-01-10T10:31:03","modified_gmt":"2025-01-10T10:31:03","slug":"benin-valentin-djenontin-a-louis-vlavonou-descendez-avec-votre-chef-et-vos-clubs-sur-terre-pour-restituer-aux-beninois-leur-democratie","status":"publish","type":"post","link":"https:\/\/djarobi.com\/index.php\/2025\/01\/10\/benin-valentin-djenontin-a-louis-vlavonou-descendez-avec-votre-chef-et-vos-clubs-sur-terre-pour-restituer-aux-beninois-leur-democratie\/","title":{"rendered":"B\u00e9nin\/ Valentin Dj\u00e8nontin \u00e0 Louis  Vlavonou: \u00ab\u2026descendez avec votre Chef et vos clubs sur terre pour restituer aux B\u00e9ninois leur d\u00e9mocratie \u00bb"},"content":{"rendered":"<p class=\"p1\">L\u2019attaque barbare contre l\u2019arm\u00e9e b\u00e9ninoise dans la nuit du 8 au 9 janvier continue de susciter des r\u00e9actions. Apr\u00e8s sa premi\u00e8re r\u00e9action hier avec une invite au pr\u00e9sident Patrice Talon, Valentin Dj\u00e8nontin revient \u00e0 la charge et cette fois-ci, il s\u2019adresse au pr\u00e9sident de l\u2019Assembl\u00e9e nationale.<\/p>\n<p class=\"p1\"><span class=\"s1\">Monsieur le PAN.<\/span><\/p>\n<p class=\"p1\"><span class=\"s1\">Unit\u00e9 nationale?<\/span><\/p>\n<p class=\"p1\"><span class=\"s1\"> Oui c&rsquo;est ce qu&rsquo;il fallait<span class=\"Apple-converted-space\">\u00a0 <\/span>normalement en de pareille occasion. <\/span><\/p>\n<p class=\"p1\"><span class=\"s1\">Mais quand on tourne la Police, l&rsquo;Arm\u00e9e et la Justice contre ses concitoyens que l&rsquo;on traite les premiers de<span class=\"Apple-converted-space\">\u00a0 <\/span>terroristes suite \u00e0<span class=\"Apple-converted-space\">\u00a0 <\/span>de simples \u00e9lections vol\u00e9es pour les jeter en prison; taxer des milliers de Peulhs de terroristes pour les condamner et jeter en cage; quand on est<span class=\"Apple-converted-space\">\u00a0 <\/span>indiff\u00e9rent \u00e0 la mort de ceux qui servent la Patrie, quand on vote un code \u00e9lectoral d&rsquo;exlusion pour trois importantes \u00e9lections en 2026, quand on pille le pays pour mettre la majorit\u00e9 des citoyens dans la mis\u00e8re indescriptible, je crains que votre appel \u00e0 l&rsquo;Unit\u00e9 Nationale<span class=\"Apple-converted-space\">\u00a0 <\/span>ne soit pas entendue.<\/span><\/p>\n<p class=\"p1\"><span class=\"s1\"> Monsieur le Pr\u00e9sident de l&rsquo;Assembl\u00e9e Nationale, Louis VLAVONOU, descendez avec votre Chef et vos clubs sur terre pour restituer aux B\u00e9ninois leur d\u00e9mocratie, lib\u00e9rer les prisonniers, faire rentrer les exil\u00e9s, organiser les assises nationales et vous verrez naturellement la situation se d\u00e9tendre.<\/span><\/p>\n<p class=\"p1\"><span class=\"s1\">Que Dieu touche le c\u0153ur des dirigeants pour le bonheur et l&rsquo;harmonie du B\u00e9nin. <\/span><\/p>\n<p class=\"p1\"><span class=\"s1\">Argent, pouvoir,<span class=\"Apple-converted-space\">\u00a0 <\/span>honneur, biens mobiliers, tout est vanit\u00e9!<\/span><\/p>\n<p class=\"p1\"><span class=\"s1\">Vive le B\u00e9nin!<\/span><\/p>\n<p class=\"p1\"><span class=\"s1\">*DJENONTIN-AGOSSOU Valentin*<\/span><\/p>\n","protected":false},"excerpt":{"rendered":"<p>L\u2019attaque barbare contre l\u2019arm\u00e9e b\u00e9ninoise dans la nuit du 8 au 9 janvier continue de susciter des r\u00e9actions. Apr\u00e8s sa premi\u00e8re r\u00e9action hier avec une invite au pr\u00e9sident Patrice Talon, Valentin Dj\u00e8nontin revient \u00e0 la charge et cette fois-ci, il s\u2019adresse au pr\u00e9sident de l\u2019Assembl\u00e9e nationale. Monsieur le PAN. Unit\u00e9 nationale? Oui c&rsquo;est ce qu&rsquo;il [&hellip;]<\/p>\n","protected":false},"author":2,"featured_media":2256,"comment_status":"open","ping_status":"closed","sticky":false,"template":"","format":"standard","meta":{"content-type":"","footnotes":""},"categories":[2,16,11,4,3,8],"tags":[],"class_list":{"0":"post-2980","1":"post","2":"type-post","3":"status-publish","4":"format-standard","5":"has-post-thumbnail","7":"category-actualites","8":"category-afrique","9":"category-benin","10":"category-defense","11":"category-politique","12":"category-societe"},"_links":{"self":[{"href":"https:\/\/djarobi.com\/index.php\/wp-json\/wp\/v2\/posts\/2980","targetHints":{"allow":["GET"]}}],"collection":[{"href":"https:\/\/djarobi.com\/index.php\/wp-json\/wp\/v2\/posts"}],"about":[{"href":"https:\/\/djarobi.com\/index.php\/wp-json\/wp\/v2\/types\/post"}],"author":[{"embeddable":true,"href":"https:\/\/djarobi.com\/index.php\/wp-json\/wp\/v2\/users\/2"}],"replies":[{"embeddable":true,"href":"https:\/\/djarobi.com\/index.php\/wp-json\/wp\/v2\/comments?post=2980"}],"version-history":[{"count":1,"href":"https:\/\/djarobi.com\/index.php\/wp-json\/wp\/v2\/posts\/2980\/revisions"}],"predecessor-version":[{"id":2981,"href":"https:\/\/djarobi.com\/index.php\/wp-json\/wp\/v2\/posts\/2980\/revisions\/2981"}],"wp:featuredmedia":[{"embeddable":true,"href":"https:\/\/djarobi.com\/index.php\/wp-json\/wp\/v2\/media\/2256"}],"wp:attachment":[{"href":"https:\/\/djarobi.com\/index.php\/wp-json\/wp\/v2\/media?parent=2980"}],"wp:term":[{"taxonomy":"category","embeddable":true,"href":"https:\/\/djarobi.com\/index.php\/wp-json\/wp\/v2\/categories?post=2980"},{"taxonomy":"post_tag","embeddable":true,"href":"https:\/\/djarobi.com\/index.php\/wp-json\/wp\/v2\/tags?post=2980"}],"curies":[{"name":"wp","href":"https:\/\/api.w.org\/{rel}","templated":true}]}}