{"id":2974,"date":"2025-01-09T20:16:08","date_gmt":"2025-01-09T20:16:08","guid":{"rendered":"https:\/\/djarobi.com\/?p=2974"},"modified":"2025-01-09T20:24:20","modified_gmt":"2025-01-09T20:24:20","slug":"benin-attaque-terroriste-le-parti-les-democrates-sincline-devant-la-memoire-des-vaillants-soldats","status":"publish","type":"post","link":"https:\/\/djarobi.com\/index.php\/2025\/01\/09\/benin-attaque-terroriste-le-parti-les-democrates-sincline-devant-la-memoire-des-vaillants-soldats\/","title":{"rendered":"B\u00e9nin\/ Attaque Terroriste: Le parti Les D\u00e9mocrates s&rsquo;incline devant la m\u00e9moire des vaillants soldats"},"content":{"rendered":"<p>Dans la nuit de mercredi 8 au jeudi 9 janvier 2025, l&rsquo;arm\u00e9e b\u00e9ninoise a subi une meurtri\u00e8re attaque des jihadistes. une trentaine de soldats a \u00e9t\u00e9 tu\u00e9e.\u00a0 Face \u00e0 cette trag\u00e9die nationale, le parti Les D\u00e9mocrates par un communiqu\u00e9 sign\u00e9 de son Secr\u00e9taire national \u00e0 la communication, Dr Guy Mitokp\u00e8, s&rsquo;incline devant la m\u00e9moire des valeureux combattants tomb\u00e9s au front en d\u00e9fendant leur patrie. Par la m\u00eame occasion, le parti pr\u00e9sente ses tristes condol\u00e9ances aux familles \u00e9plor\u00e9es et \u00e0 toute la Nation avant d&rsquo;exhorter le Gouvernement \u00e0 ne m\u00e9nager aucun effort dans la lutte contre la d\u00e9ferlante terroriste. Par ailleurs, le parti invite le Gouvernement \u00e0 coop\u00e9rer avec les pays voisins pour une lutte efficace contre le terrorisme. Lire son communiqu\u00e9 dans le lien dessous.<\/p>\n<p>&nbsp;<\/p>\n<p><a href=\"https:\/\/djarobi.com\/wp-content\/uploads\/2025\/01\/2025002718010.pdf\">2025002718010<\/a> <a href=\"https:\/\/djarobi.com\/wp-content\/uploads\/2025\/01\/2025002718010-1.pdf\">2025002718010 (1)<\/a><\/p>\n","protected":false},"excerpt":{"rendered":"<p>Dans la nuit de mercredi 8 au jeudi 9 janvier 2025, l&rsquo;arm\u00e9e b\u00e9ninoise a subi une meurtri\u00e8re attaque des jihadistes. une trentaine de soldats a \u00e9t\u00e9 tu\u00e9e.\u00a0 Face \u00e0 cette trag\u00e9die nationale, le parti Les D\u00e9mocrates par un communiqu\u00e9 sign\u00e9 de son Secr\u00e9taire national \u00e0 la communication, Dr Guy Mitokp\u00e8, s&rsquo;incline devant la m\u00e9moire des [&hellip;]<\/p>\n","protected":false},"author":2,"featured_media":2629,"comment_status":"open","ping_status":"closed","sticky":false,"template":"","format":"standard","meta":{"content-type":"","footnotes":""},"categories":[2,16,11,4,3,8],"tags":[],"class_list":{"0":"post-2974","1":"post","2":"type-post","3":"status-publish","4":"format-standard","5":"has-post-thumbnail","7":"category-actualites","8":"category-afrique","9":"category-benin","10":"category-defense","11":"category-politique","12":"category-societe"},"_links":{"self":[{"href":"https:\/\/djarobi.com\/index.php\/wp-json\/wp\/v2\/posts\/2974","targetHints":{"allow":["GET"]}}],"collection":[{"href":"https:\/\/djarobi.com\/index.php\/wp-json\/wp\/v2\/posts"}],"about":[{"href":"https:\/\/djarobi.com\/index.php\/wp-json\/wp\/v2\/types\/post"}],"author":[{"embeddable":true,"href":"https:\/\/djarobi.com\/index.php\/wp-json\/wp\/v2\/users\/2"}],"replies":[{"embeddable":true,"href":"https:\/\/djarobi.com\/index.php\/wp-json\/wp\/v2\/comments?post=2974"}],"version-history":[{"count":1,"href":"https:\/\/djarobi.com\/index.php\/wp-json\/wp\/v2\/posts\/2974\/revisions"}],"predecessor-version":[{"id":2979,"href":"https:\/\/djarobi.com\/index.php\/wp-json\/wp\/v2\/posts\/2974\/revisions\/2979"}],"wp:featuredmedia":[{"embeddable":true,"href":"https:\/\/djarobi.com\/index.php\/wp-json\/wp\/v2\/media\/2629"}],"wp:attachment":[{"href":"https:\/\/djarobi.com\/index.php\/wp-json\/wp\/v2\/media?parent=2974"}],"wp:term":[{"taxonomy":"category","embeddable":true,"href":"https:\/\/djarobi.com\/index.php\/wp-json\/wp\/v2\/categories?post=2974"},{"taxonomy":"post_tag","embeddable":true,"href":"https:\/\/djarobi.com\/index.php\/wp-json\/wp\/v2\/tags?post=2974"}],"curies":[{"name":"wp","href":"https:\/\/api.w.org\/{rel}","templated":true}]}}