{"id":2778,"date":"2024-09-13T09:40:43","date_gmt":"2024-09-13T09:40:43","guid":{"rendered":"https:\/\/djarobi.com\/?p=2778"},"modified":"2024-09-13T09:40:43","modified_gmt":"2024-09-13T09:40:43","slug":"litterature-yayi-la-legende-voici-ce-que-julien-kande-kansou-dit-de-yayi-et-talon","status":"publish","type":"post","link":"https:\/\/djarobi.com\/index.php\/2024\/09\/13\/litterature-yayi-la-legende-voici-ce-que-julien-kande-kansou-dit-de-yayi-et-talon\/","title":{"rendered":"Litt\u00e9rature\/\u00ab Yayi la l\u00e9gende \u00bb: Voici ce que Julien Kand\u00e9 Kansou dit de Yayi et Talon"},"content":{"rendered":"<p class=\"p1\">\u00ab \u00a0Yayi la\u00a0 l\u00e9gende \u00bb, c\u2019est le dernier ouvrage de Julien Kand\u00e9 Kansou, \u00e9crivain et jeune acteur politique de l\u2019opposition. Dans cet essai, le jeune po\u00e8te non seulement retrace le parcours politique de l\u2019ancien pr\u00e9sident de la R\u00e9publique du B\u00e9nin, mais \u00e9galement de son parcours acad\u00e9mique et professionnel couronn\u00e9 par deux th\u00e8ses de doctorat en \u00e9conomie. Par ailleurs, l\u2019auteur ne s\u2019est pas emp\u00each\u00e9 de lever un coin de voile sur les relations entre Boni Yayi et Patrice Talon, l\u2019homme d\u2019affaires devenu aujourd\u2019hui pr\u00e9sident. Dans \u00ab Yayi la l\u00e9gende \u00bb, Julien Kand\u00e9 Kansou replonge le lecteur dans la brouille Yayi-Talon et r\u00e9v\u00e8le des aspects jusque-l\u00e0 cach\u00e9s au grand public. Lisez son discours liminaire lors du lancement du livre.<\/p>\n<p class=\"p1\"><strong><span class=\"s1\">Discours <\/span><\/strong><\/p>\n<p class=\"p1\"><span class=\"s1\">Excellence Monsieur le vice-pr\u00e9sident du parti Les D\u00e9mocrates Alassane TIGRI, parrain de l&rsquo;\u00e9v\u00e9nement <\/span><\/p>\n<p class=\"p1\"><span class=\"s1\">Excellence Monsieur le vice-pr\u00e9sident en charge de l&rsquo;Atlantique, Paulin DOSSA <\/span><\/p>\n<p class=\"p1\"><span class=\"s1\"> Honorables d\u00e9put\u00e9s<span class=\"Apple-converted-space\">\u00a0 <\/span>\u00e0 l&rsquo;Assembl\u00e9e Nationale <\/span><\/p>\n<p class=\"p1\"><span class=\"s1\">Distingu\u00e9s invit\u00e9s, mesdames messieurs, en vos rangs et qualit\u00e9s,<\/span><\/p>\n<p class=\"p1\"><span class=\"s1\">La po\u00e9sie comme le chant est un genre litt\u00e9raire qui peut d\u00e9crire, encourager, valoriser, critiquer ou sublimer les \u0153uvres d&rsquo;une personne ou d&rsquo;un groupe de personnes. <\/span><\/p>\n<p class=\"p1\"><span class=\"s1\">Elle participe \u00e0 la lutte pour la lib\u00e9ration des peuples. Je voudrais<span class=\"Apple-converted-space\">\u00a0 <\/span>citer Senghor et Aim\u00e9 C\u00e9saire pour leur lutte farouche pour la n\u00e9gritude.<\/span><\/p>\n<p class=\"p1\"><span class=\"s1\">La po\u00e9sie est un instrument tr\u00e8s efficace contre toute forme de manipulation, d&rsquo;oppression, elle participe \u00e0 la lib\u00e9ration de l&rsquo;\u00eatre humain et toute po\u00e9sie responsable doit se fonder sur la lib\u00e9ration de l&rsquo;esprit, sens d&rsquo;humour, de bonheur, de louange et de la gratitude.<\/span><\/p>\n<p class=\"p1\"><span class=\"s1\">Mesdames et messieurs, <\/span><\/p>\n<p class=\"p1\"><span class=\"s1\">\u00c0 l&rsquo;instar de mon ouvrage publi\u00e9 en 2023 intitul\u00e9 _Les combattants_ de la libert\u00e9 qui a valoris\u00e9 certaines figures de notre lutte contre la dictature, l&rsquo;\u00c9tat policier, l&rsquo;\u00c9tat arbitraire, j&rsquo;ai \u00e9crit celle qui nous r\u00e9unit aujourd&rsquo;hui.<\/span><\/p>\n<p class=\"p1\"><span class=\"s1\"><span class=\"Apple-converted-space\">\u00a0 <\/span>En effet, Le<span class=\"Apple-converted-space\">\u00a0 <\/span>livre _YAYI, la l\u00e9gende_ de 70 po\u00e8mes environs nous plonge dans l&rsquo;univers d&rsquo;un homme d&rsquo;\u00c9tat qui \u00e0 la place de la pierre a un c\u0153ur humain.<\/span><\/p>\n<p class=\"p1\"><span class=\"s1\">Son nom m\u00eame est d&rsquo;une importante valeur si on veut faire une traduction litt\u00e9rale en Mahi, YAYI qui vient de deux mots Ya qui veut dire pauvret\u00e9, mis\u00e8re et yi qui veut dire partir. En mettant les deux ensemble, cela forme Yayi qui voudrait dire la pauvret\u00e9 ou la mis\u00e8re est partie. Le m\u00eame exercice avec Boni, on aura en r\u00e9alit\u00e9 Boni qui veut dire \u00ab\u00a0pour\u00a0\u00bb et en mettant le nom Yayi Boni, on aura la traduction qui dit:<span class=\"Apple-converted-space\">\u00a0 <\/span>la mis\u00e8re est partie pour laisser place \u00e0 la richesse. <\/span><\/p>\n<p class=\"p1\"><span class=\"s1\">Ce que notre pays a connu pendant les 10 ann\u00e9es du r\u00e9gime du pr\u00e9sident Boni YAYI. De la gratuit\u00e9 de la c\u00e9sarienne \u00e0 la scolarisation gratuite des filles, le bonheur \u00e9tait aux l\u00e8vres de tout le monde. <\/span><\/p>\n<p class=\"p1\"><span class=\"s1\">Qui est Boni YAYI ? Mesdames et messieurs, chers honorables invit\u00e9s, <\/span><\/p>\n<p class=\"p1\"><span class=\"s1\">Le pr\u00e9sident Boni YAYI est un homme d&rsquo;\u00c9tat b\u00e9ninois.<\/span><\/p>\n<p class=\"p1\"><span class=\"s1\">Durant ses deux mandats, il s\u2019est investi \u00e0 garantir l\u2019int\u00e9r\u00eat g\u00e9n\u00e9ral conform\u00e9ment aux dispositions de notre constitution de 1990.<\/span><\/p>\n<p class=\"p1\"><span class=\"s1\">Aucun conflit d\u2019int\u00e9r\u00eat n\u2019a \u00e9t\u00e9 signal\u00e9. Il n\u2019est propri\u00e9taire d\u2019aucune soci\u00e9t\u00e9 personnelle et n\u2019a arrach\u00e9 ni brad\u00e9 aucune soci\u00e9t\u00e9 d\u2019Etat. Il n\u2019a arrach\u00e9 aucun patrimoine de l\u2019Etat. Ni lui, ni aucun membre de sa famille n\u2019a \u00e9t\u00e9 \u00e0 l\u2019origine d\u2019aucune pr\u00e9dation des ressources du pays.<\/span><\/p>\n<p class=\"p1\"><span class=\"s1\">Il a veill\u00e9 \u00e0 l&rsquo;\u00e9galit\u00e9 des chances en mati\u00e8re d&rsquo;acc\u00e8s aux services publics et aux ressources du pays. Selon une enqu\u00eate publi\u00e9e par le Quai d&rsquo;Orsay, le pr\u00e9sident Yayi est l&rsquo;un des rares chefs d&rsquo;\u00c9tat \u00e0 ne poss\u00e9der ni compte bancaire, ni patrimoine \u00e0 l&rsquo;\u00e9tranger. Son int\u00e9grit\u00e9 a \u00e9t\u00e9 salu\u00e9e par l&rsquo;Allemagne, le Japon, la France et les \u00c9tats-Unis.<span class=\"Apple-converted-space\">\u00a0 <\/span>C\u2019est sur cette base que ces derniers ont accept\u00e9 \u00e0 recevoir le seul chef d\u2019\u00c9tat \u00e0 signer le Second Compact \u00e0 la Maison Blanche conform\u00e9ment \u00e0 la d\u00e9claration du Pr\u00e9sident Joe Biden<span class=\"Apple-converted-space\">\u00a0 <\/span>alors vice-pr\u00e9sident des \u00c9tats Unis sous le pr\u00e9sident Barack Obama.<\/span><\/p>\n<p class=\"p1\"><span class=\"s1\">L&rsquo; int\u00e9grit\u00e9 du Pr\u00e9sident Yayi est \u00e9galement salu\u00e9e par,<span class=\"Apple-converted-space\">\u00a0 <\/span>l\u2019Union Europ\u00e9enne d&rsquo;une part, Ban Ki-Moon alors Secr\u00e9taire G\u00e9n\u00e9ral des Nations Unies d&rsquo;autre part apr\u00e8s son d\u00e9part de la gestion de son Pays le Benin. Le peuple b\u00e9ninois lui doit un hommage \u00e0 son vivant car, l&rsquo;int\u00e9grit\u00e9 et la justice<span class=\"Apple-converted-space\">\u00a0 <\/span>sont les valeurs que Dieu demande aux humains et le pr\u00e9sident Yayi les poss\u00e8de !<\/span><\/p>\n<p class=\"p1\"><span class=\"s1\">Mesdames et messieurs,<\/span><\/p>\n<p class=\"p1\"><span class=\"s1\">Demandez-vous pourquoi Yayi est encore politique ? Il aurait pu partir tr\u00e8s loin du B\u00e9nin pour vivre sa retraite paisible. Imaginez Yayi loin du B\u00e9nin, le chef de la rupture aurait fait du B\u00e9nin ce qu\u2019il voulait. Car j\u2019ai compris que nous avons un pr\u00e9sident qui a horreur de la contradiction. Pour lui tout le monde doit applaudir sa gouvernance. Alors qu\u2019il a lui-m\u00eame dit: Je cite \u00ab J\u2019\u00e9tais tr\u00e8s impliqu\u00e9 en politique pour faire r\u00e9gner la d\u00e9mocratie .\u00bb fin de citation. <\/span><\/p>\n<p class=\"p1\"><span class=\"s1\">Mesdames et messieurs, chers invit\u00e9s, <\/span><\/p>\n<p class=\"p1\"><span class=\"s1\">Faisons le point<span class=\"Apple-converted-space\">\u00a0 <\/span>sous les deux mandats du Pr\u00e9sident YAYI en mati\u00e8re des droits humains. Il n\u2019a jamais eu ni de Prisonniers Politiques, d\u2019exil\u00e9s Politiques. C&rsquo;est le moment de faire un clin d&rsquo;\u0153il \u00e0 Reckya Madougou, Fatoumata Djibril, Jo\u00ebl A\u00cfVO,<span class=\"Apple-converted-space\">\u00a0 <\/span>Valentin Djenontin,<span class=\"Apple-converted-space\">\u00a0 <\/span>Komi Koutch\u00e9, S\u00e9bastien Ajavon, L\u00e9hady Soglo pour ne citer que ceux-l\u00e0.<\/span><\/p>\n<p class=\"p1\"><span class=\"s1\">Par ailleurs, le cas de l\u2019op\u00e9rateur \u00e9conomiques m\u00e9rite d\u2019\u00eatre clarifi\u00e9. Les recherches sur les t\u00e9moignages re\u00e7us par le pr\u00e9sident Diouf alors Secr\u00e9taire G\u00e9n\u00e9ral de la Francophonie lors de sa tentative de rapprocher les positions du pr\u00e9sident Yayi et de Talon indiquent clairement que Talon \u00e9tait un particulier d\u00e9sign\u00e9 par le r\u00e9gime Soglo pour g\u00e9rer le monopole en mati\u00e8re de fournitures en intrants agricoles<span class=\"Apple-converted-space\">\u00a0 <\/span>pour le coton et les productions vivri\u00e8res. Ce partenariat a \u00e9t\u00e9 scell\u00e9 en 1993. Prenant en compte son r\u00f4le de Garant Constitutionnel de l\u2019int\u00e9r\u00eat G\u00e9n\u00e9ral dans le pays, le pr\u00e9sident Boni YAYI a fini par d\u00e9couvrir en 2011\/2012, que ce partenariat \u00e9tait intenable. <\/span><\/p>\n<p class=\"p1\"><span class=\"s1\">En effet, l&rsquo;op\u00e9rateur \u00e9conomique \u00e9tait pr\u00eat \u00e0 tout pour ses int\u00e9r\u00eats personnels. Le pr\u00e9sident Boni YAYI est \u00e9lu<span class=\"Apple-converted-space\">\u00a0 <\/span>pour garantir l\u2019int\u00e9r\u00eat g\u00e9n\u00e9ral.<\/span><\/p>\n<p class=\"p1\"><span class=\"s1\">L\u2019\u00e9quation \u00e9tait pour lui intenable, lorsque l&rsquo;op\u00e9rateur \u00e9conomique a d\u00e9cid\u00e9 d\u2019\u00e9tendre ses activit\u00e9s sur le Port \u00e0 travers le PVI et B\u00e9nin Contr\u00f4l. Sur ce dernier point, Il s\u2019est substitu\u00e9 au Partenaire SGS (Soci\u00e9t\u00e9 G\u00e9n\u00e9rale Suisse) adjudicataire de l\u2019appel d\u2019offres International sur le PVI\/Benin Contr\u00f4l<span class=\"Apple-converted-space\">\u00a0 <\/span>en 2011\/2012. Il l\u2019a fait en complicit\u00e9 avec certains de ses Ministres dont le Premier Ministre, Ministre d\u2019Etat. Il s\u2019est substitu\u00e9 \u00e0 SGS pour signer lui-m\u00eame le Contrat avec l\u2019Etat \u00e0 l&rsquo;absence et \u00e0 l&rsquo;insu du pr\u00e9sident Boni. Au terme d\u2019une enqu\u00eate en Suisse avec l\u2019Ambassade du B\u00e9nin pr\u00e8s de la Suisse, Si\u00e8ge de la Soci\u00e9t\u00e9 SGS, la conscience du pr\u00e9sident Boni YAYI devait aboutir \u00e0 l\u2019annulation pure et simple du PVI\/B\u00e9nin Contr\u00f4l pour faux, \u00e9critures en faux et usage de faux au B\u00e9nin, ceci sur d\u00e9cision de l\u2019Autorit\u00e9 de r\u00e9gulation des March\u00e9s Publics, et sur d\u00e9cision du Minist\u00e8re des Finances Publiques apr\u00e8s consultation de la Direction de passation des March\u00e9s Publics. Cette d\u00e9cision faisait suite \u00e0 la chute du Port de Cotonou et \u00e0 l\u2019\u00e9touffement des usagers du Port et de nos voisins r\u00e9gionaux .<\/span><\/p>\n<p class=\"p1\"><span class=\"s1\">Malgr\u00e9 tout, l&rsquo;op\u00e9rateur \u00e9conomique a d\u00e9cid\u00e9 de conditionner la poursuite de ses activit\u00e9s \u00e0 Coton, \u00e0 la reprise de PVI\/B\u00e9nin Contr\u00f4l, ce qui remettait en cause la recherche de l\u2019int\u00e9r\u00eat g\u00e9n\u00e9ral. C\u2019\u00e9tait le point d\u2019incompr\u00e9hension entre l&rsquo;op\u00e9rateur \u00e9conomique et le pr\u00e9sident Boni YAYI. PVI et B\u00e9nin Contr\u00f4l ne marchaient pas. Le partenariat sur le Coton posait d\u2019\u00e9normes difficult\u00e9s pour pr\u00e9server l\u2019int\u00e9r\u00eat des Producteurs (voir le rapport de la Commission internationale sur la gestion coton) au B\u00e9nin et la gestion de SODECO.<\/span><\/p>\n<p class=\"p1\"><span class=\"s1\">Au total, l&rsquo;op\u00e9rateur \u00e9conomique voulait les deux, sans tenir compte de l\u2019int\u00e9r\u00eat g\u00e9n\u00e9ral. La poursuite du partenariat n\u2019\u00e9tait plus possible. Suite \u00e0 cette situation, l&rsquo;op\u00e9rateur \u00e9conomique a inform\u00e9 le pr\u00e9sident Boni YAYI qu\u2019il mettait en place son projet politique. Il quitte lui-m\u00eame le B\u00e9nin pour Paris. Le pr\u00e9sident Boni YAYI lui disait qu&rsquo;il prenait acte de cette d\u00e9cision \u00e0 la suite de son entretien avec lui dans son bureau. Il est parti sans \u00eatre inqui\u00e9t\u00e9. Arriv\u00e9 \u00e0 Paris, il se pr\u00e9sente en exil\u00e9 politique soit disant que le pr\u00e9sident Boni YAYI lui a demand\u00e9 de l&rsquo;appuyer pour un 3\u00e8me mandat en 2016, alors qu&rsquo;il venait d\u2019\u00eatre r\u00e9\u00e9lu en 2011 et il avait auparavant publiquement d\u00e9clar\u00e9 \u00e0 l\u2019opinion nationale et internationale qu\u2019au terme de ce second quinquennat, il respectera notre Constitution. Il a d\u00e9clar\u00e9 au Pape Beno\u00eet XVI lors de la visite de ce dernier en Novembre 2011. Le d\u00e9part de l&rsquo;op\u00e9rateur \u00e9conomique du pays, c&rsquo;est pour des raisons d\u2019affaires. Depuis Paris, il a mis \u00e0 contribution les syndicats, des d\u00e9put\u00e9s, les acteurs de presse, de mouvements d\u2019\u00e9l\u00e8ves et d&rsquo;\u00e9tudiants sans oublier son mouvement Mercredi rouge.<\/span><\/p>\n<p class=\"p1\"><span class=\"s1\">Sa r\u00e9bellion \u00e9tait \u00e0 son paroxysme avec les diff\u00e9rentes tentatives de d\u00e9stabilisation du r\u00e9gime: 3 tentatives de coups d\u2019Etat, une tentative d\u2019empoisonnement.\u00a0<\/span><\/p>\n<p class=\"p1\"><span class=\"s1\">Malgr\u00e9 tout, Yayi dit qu\u2019il a pardonn\u00e9 dans un discours \u00e0 la Nation. <\/span><\/p>\n<p class=\"p1\"><span class=\"s1\">Lors de la m\u00e9diation du Pr\u00e9sident Ouattara de la C\u00f4te d\u2019Ivoire en pr\u00e9sence du Pr\u00e9sident Faure du TOGO, Yayi d\u00e9couvre selon les dires de l&rsquo;op\u00e9rateur \u00e9conomique devenu Pr\u00e9sident que leur diff\u00e9rend d\u00e9coulait de la r\u00e9siliation du contrat du PVI\/B\u00e9nin Contr\u00f4l. Ce n\u2019\u00e9tait plus l\u2019accusation de vouloir d\u2019un 3\u00e8me mandat.<\/span><\/p>\n<p class=\"p1\"><span class=\"s1\">Au total, sous Yayi, il n\u2019y avait ni prisonniers politiques, ni prisonniers d\u2019opinion, ni exil\u00e9s politiques, ni exclusions en mati\u00e8re \u00e9lectorale ni \u00e9conomique. L\u2019Ancien Pr\u00e9sident Soglo, frapp\u00e9 par la limitation d\u2019\u00e2ge \u00e9tait Pr\u00e9sident du parti RB et maire de Cotonou , Chef de l\u2019Opposition \u00e0 Yayi pendant ses dix ans \u00e0 la t\u00eate du pays. Le pr\u00e9sident Soglo n\u2019a jamais \u00e9t\u00e9 inqui\u00e9t\u00e9 par Yayi contrairement aux pers\u00e9cutions du chef de la rupture devenu Pr\u00e9sident contre Yayi<span class=\"Apple-converted-space\">\u00a0 <\/span>pour ses activit\u00e9s politiques.<\/span><\/p>\n<p class=\"p1\"><span class=\"s1\">Talon a dit que devenu ancien Pr\u00e9sident, il s\u2019impliquera toujours dans les affaires politiques du B\u00e9nin.<\/span><\/p>\n<p class=\"p1\"><span class=\"s1\">En outre, le pr\u00e9sident Yayi a nomm\u00e9 des opposants \u00e0 lui \u00e0 des postes politiques. Il a m\u00eame choisi ses compatriotes de sensibilit\u00e9s diff\u00e9rentes \u00e0 lui \u00e0 des Postes internationaux (cas du compatriote Gnacadja aux Nations Unies.<\/span><\/p>\n<p class=\"p1\"><span class=\"s1\">Le pr\u00e9sident Yayi est un vrai D\u00e9mocrate \u00e9pris de Paix au B\u00e9nin et avec les pays Voisins. <\/span><\/p>\n<p class=\"p1\"><span class=\"s1\">Il a \u00e9t\u00e9 le seul Pr\u00e9sident \u00e0 g\u00e9rer le pays pendant dix ans sans que les fronti\u00e8res avec les pays voisins ne soient ferm\u00e9es apr\u00e8s le feu Mathieu KEREKOU. <\/span><\/p>\n<p class=\"p1\"><span class=\"s1\">YAYI est une l\u00e9gende. Remettre le Pouvoir \u00e0 celui qui voulait de sa mort sort de l\u2019Humain \u00e0 voir les comportements des Chefs d\u2019Etat du Continent.<\/span><\/p>\n<p class=\"p1\"><span class=\"s1\">Mesdames et messieurs, chers honorables et invit\u00e9s,<\/span><\/p>\n<p class=\"p1\"><span class=\"s1\">Derri\u00e8re cet homme, il y a un parcours impressionnant. <\/span><\/p>\n<p class=\"p1\"><span class=\"s1\">Parlons un peu de son parcours acad\u00e9mique.<\/span><\/p>\n<p class=\"p1\"><span class=\"s1\">Le pr\u00e9sident Yayi a fait \u00e0<span class=\"Apple-converted-space\">\u00a0 <\/span>l\u2019Universitaire du B\u00e9nin une ma\u00eetrise, un DEA-Economie<span class=\"Apple-converted-space\">\u00a0 <\/span>\u00e0 l&rsquo;universit\u00e9<span class=\"Apple-converted-space\">\u00a0 <\/span>Cheikh Anta Diop de Dakar.<\/span><\/p>\n<p class=\"p1\"><span class=\"s1\">Il obtient une Th\u00e8se de Doctorat de 3\u00e8me cycle de l\u2019Universit\u00e9 d\u2019Orl\u00e9ans<\/span><\/p>\n<p class=\"p1\"><span class=\"s1\">De m\u00eame, il a fait une Th\u00e8se du Doctorat d\u2019Etat \u00e0 la Prestigieuse Universit\u00e9 Paris Dauphine. Il a occup\u00e9 plusieurs postes.<\/span><\/p>\n<p class=\"p1\"><span class=\"s1\">&#8211; Banque Commerciale du B\u00e9nin;<\/span><\/p>\n<p class=\"p1\"><span class=\"s1\">&#8211; Banque Centrale des Etats de l\u2019Afrique de l\u2019Afrique de l\u2019Ouest<\/span><\/p>\n<p class=\"p1\"><span class=\"s1\">Si\u00e8ge BCEAO ; <\/span><\/p>\n<p class=\"p1\"><span class=\"s1\"> Yayi, le Banquier de D\u00e9voloppement, Pr\u00e9sident de la Banque Ouest Africaine de Developpement<\/span><\/p>\n<p class=\"p1\"><span class=\"s1\">-1994 -2006 (11ans)<\/span><\/p>\n<p class=\"p1\"><span class=\"s1\">Yayi,<span class=\"Apple-converted-space\">\u00a0 <\/span>l\u2019Homme de Paix. Il a jou\u00e9 plusieurs r\u00f4les en Afrique.<\/span><\/p>\n<p class=\"p1\"><span class=\"s1\">-M\u00e9diateur de la CEDEAO en Guin\u00e9e<\/span><\/p>\n<p class=\"p1\"><span class=\"s1\">-M\u00e9diation dans les Crises en:<\/span><\/p>\n<p class=\"p1\"><span class=\"s1\">.C\u00f4te d\u2019Ivoire, Burkina, MALI, Guin\u00e9e BISSAO<\/span><\/p>\n<p class=\"p1\"><span class=\"s1\">-M\u00e9diation dans les Crises post-Electorales au Ghana au Sierre L\u00e9one.<\/span><\/p>\n<p class=\"p1\"><span class=\"s1\">M\u00e9diation dans la Corne de l\u2019Afrique<\/span><\/p>\n<p class=\"p1\"><span class=\"s1\">Ethiopie, Erythr\u00e9e, Somalie, K\u00e9nya.<\/span><\/p>\n<p class=\"p1\"><span class=\"s1\"> M\u00e9diation au Soudan du Nord et au Soudan du Sud.<\/span><\/p>\n<p class=\"p1\"><span class=\"s1\">-M\u00e9diation au Burundi, \u00e0 la RDC\u2026.<\/span><\/p>\n<p class=\"p1\"><span class=\"s1\">Yayi a de la L\u00e9gitimit\u00e9 et de Renomm\u00e9e Internationales.<\/span><\/p>\n<p class=\"p1\"><span class=\"s1\">-Ancien Pr\u00e9sident de l\u2019Union Africaine<\/span><\/p>\n<p class=\"p1\"><span class=\"s1\">-Ancien Pr\u00e9sident de l\u2019UEMOA<\/span><\/p>\n<p class=\"p1\"><span class=\"s1\">\u2014Ancien Pr\u00e9sident de la CEN-SAD<\/span><\/p>\n<p class=\"p1\"><span class=\"s1\">-Ancien Pr\u00e9sident des Pays Moins Avanc\u00e9s (Nations Unies)<\/span><\/p>\n<p class=\"p1\"><span class=\"s1\">Yayi, l\u2019Homme de Foi<\/span><\/p>\n<p class=\"p1\"><span class=\"s1\">Membre de l\u2019Eglise Evang\u00e9lique du B\u00e9nin<\/span><\/p>\n<p class=\"p1\"><span class=\"s1\">-Chanteur Gospel<\/span><\/p>\n<p class=\"p1\"><span class=\"s1\">YAYI, c&rsquo;est la lumi\u00e8re <\/span><\/p>\n<p class=\"p1\"><span class=\"s1\">YAYI, c&rsquo;est la prosp\u00e9rit\u00e9 partag\u00e9e <\/span><\/p>\n<p class=\"p1\"><span class=\"s1\">YAYI, c&rsquo;est l&rsquo;amour du prochain <\/span><\/p>\n<p class=\"p1\"><span class=\"s1\">YAYI, c&rsquo;est la foi en Dieu<\/span><\/p>\n<p class=\"p1\"><span class=\"s1\">YAYI, c&rsquo;est le soutien aux plus pauvres<\/span><\/p>\n<p class=\"p1\"><span class=\"s1\">YAYI, c&rsquo;est la paix et le bon voisinage <\/span><\/p>\n<p class=\"p1\"><span class=\"s1\">YAYI, c&rsquo;est le consensus <\/span><\/p>\n<p class=\"p1\"><span class=\"s1\">YAYI, c&rsquo;est le reversement des enseignants et de plusieurs corps de m\u00e9tier <\/span><\/p>\n<p class=\"p1\"><span class=\"s1\">YAYI, c&rsquo;est l&rsquo;auto suffisance alimentaire <\/span><\/p>\n<p class=\"p1\"><span class=\"s1\">YAYI, ce sont les \u00e9lections apais\u00e9es<\/span><\/p>\n<p class=\"p1\"><span class=\"s1\">YAYI, c&rsquo;est le pardon qui n&rsquo;est jamais une faute <\/span><\/p>\n<p class=\"p1\"><span class=\"s1\">YAYI, c&rsquo;est l&rsquo;unit\u00e9 nationale <\/span><\/p>\n<p class=\"p1\"><span class=\"s1\">YAYI, c&rsquo;est le B\u00e9nin d&rsquo;abord <\/span><\/p>\n<p class=\"p1\"><span class=\"s1\">Mesdames et messieurs, <\/span><\/p>\n<p class=\"p1\"><span class=\"s1\">Tout ceci nous a amen\u00e9s apr\u00e8s avoir suivi de pr\u00e8s l&rsquo;homme qui a le c\u0153ur de pardon et d&rsquo;amour pour le prochain, \u00e0 \u00e9crire en toute \u00e2me et conscience une \u0153uvre pour encourager cet homme sur son chemin d&rsquo;amour pour la patrie et \u00e0 amener d&rsquo;autres personnes \u00e0 lui embo\u00eeter les pas. <\/span><\/p>\n<p class=\"p1\"><span class=\"s1\">Nous voudrions inviter, ceux qui pensent \u00e0 eux et eux d&rsquo;abord en toute chose, ceux qui pensent que les gens peuvent en souffrir sans rien faire, ceux qui pensent qu&rsquo;ils seront \u00e9ternellement forts d&rsquo;aller \u00e0 l&rsquo;\u00e9cole de YAYI en reconnaissant comme lui que<span class=\"Apple-converted-space\">\u00a0 <\/span>la plus grande force vient de l&rsquo;amour pour sa patrie et pour ses prochains. <\/span><\/p>\n<p class=\"p1\"><span class=\"s1\">Je vous invite \u00e0 savourer cet ouvrage mais aussi en visitant les pages lyriques dans l&rsquo;ouvrage car, Julien ne peut pas \u00e9crire sans l&rsquo;amour, lui-m\u00eame, il est l&rsquo;expression de l&rsquo;amour.<\/span><\/p>\n<p class=\"p1\"><span class=\"s1\"> Bienvenus \u00e0 vous au ballet de la litt\u00e9rature. <\/span><\/p>\n<p class=\"p1\"><span class=\"s1\">Je vous remercie.<\/span><\/p>\n<p class=\"p1\"><span class=\"s1\">Julien Kand\u00e9 KANSOU<\/span><\/p>\n","protected":false},"excerpt":{"rendered":"<p>\u00ab \u00a0Yayi la\u00a0 l\u00e9gende \u00bb, c\u2019est le dernier ouvrage de Julien Kand\u00e9 Kansou, \u00e9crivain et jeune acteur politique de l\u2019opposition. Dans cet essai, le jeune po\u00e8te non seulement retrace le parcours politique de l\u2019ancien pr\u00e9sident de la R\u00e9publique du B\u00e9nin, mais \u00e9galement de son parcours acad\u00e9mique et professionnel couronn\u00e9 par deux th\u00e8ses de doctorat en [&hellip;]<\/p>\n","protected":false},"author":2,"featured_media":2779,"comment_status":"open","ping_status":"closed","sticky":false,"template":"","format":"standard","meta":{"content-type":"","footnotes":""},"categories":[2,16,11,14,7,3],"tags":[],"class_list":{"0":"post-2778","1":"post","2":"type-post","3":"status-publish","4":"format-standard","5":"has-post-thumbnail","7":"category-actualites","8":"category-afrique","9":"category-benin","10":"category-culture-et-divertissement","11":"category-opinions","12":"category-politique"},"_links":{"self":[{"href":"https:\/\/djarobi.com\/index.php\/wp-json\/wp\/v2\/posts\/2778","targetHints":{"allow":["GET"]}}],"collection":[{"href":"https:\/\/djarobi.com\/index.php\/wp-json\/wp\/v2\/posts"}],"about":[{"href":"https:\/\/djarobi.com\/index.php\/wp-json\/wp\/v2\/types\/post"}],"author":[{"embeddable":true,"href":"https:\/\/djarobi.com\/index.php\/wp-json\/wp\/v2\/users\/2"}],"replies":[{"embeddable":true,"href":"https:\/\/djarobi.com\/index.php\/wp-json\/wp\/v2\/comments?post=2778"}],"version-history":[{"count":1,"href":"https:\/\/djarobi.com\/index.php\/wp-json\/wp\/v2\/posts\/2778\/revisions"}],"predecessor-version":[{"id":2780,"href":"https:\/\/djarobi.com\/index.php\/wp-json\/wp\/v2\/posts\/2778\/revisions\/2780"}],"wp:featuredmedia":[{"embeddable":true,"href":"https:\/\/djarobi.com\/index.php\/wp-json\/wp\/v2\/media\/2779"}],"wp:attachment":[{"href":"https:\/\/djarobi.com\/index.php\/wp-json\/wp\/v2\/media?parent=2778"}],"wp:term":[{"taxonomy":"category","embeddable":true,"href":"https:\/\/djarobi.com\/index.php\/wp-json\/wp\/v2\/categories?post=2778"},{"taxonomy":"post_tag","embeddable":true,"href":"https:\/\/djarobi.com\/index.php\/wp-json\/wp\/v2\/tags?post=2778"}],"curies":[{"name":"wp","href":"https:\/\/api.w.org\/{rel}","templated":true}]}}