{"id":2773,"date":"2024-09-12T10:00:25","date_gmt":"2024-09-12T10:00:25","guid":{"rendered":"https:\/\/djarobi.com\/?p=2773"},"modified":"2024-09-12T10:00:25","modified_gmt":"2024-09-12T10:00:25","slug":"benin-cout-eleve-de-la-communication-thibaut-ogou-reprend-le-combat-1-giga-favi","status":"publish","type":"post","link":"https:\/\/djarobi.com\/index.php\/2024\/09\/12\/benin-cout-eleve-de-la-communication-thibaut-ogou-reprend-le-combat-1-giga-favi\/","title":{"rendered":"B\u00e9nin\/ Co\u00fbt \u00e9lev\u00e9 de la communication: Thibaut Ogou reprend le combat \u00ab 1 giga Favi \u00bb"},"content":{"rendered":"<p class=\"p1\">Au B\u00e9nin le co\u00fbt de la communication est \u00e9lev\u00e9 et tr\u00e8s \u00e9lev\u00e9 depuis que le gouvernement de la rupture \u00e0 d\u00e9cid\u00e9 de monter les co\u00fbts pour punir ceux qui le critiquent. Qu\u2019il vous souvienne, le ministre des finances, Romuald Wadagni, en son temps, a justifi\u00e9 la hausse des co\u00fbts par le fait que les gens utilisent les r\u00e9seaux sociaux pour critiquer le gouvernement donc ils devront payer cher. Et depuis lors, les b\u00e9ninois assistent impuissants au co\u00fbt \u00e9lev\u00e9 de la communication.<\/p>\n<p class=\"p1\"><span class=\"s1\">Profitant du \u00ab\u00a0jeudi noir\u00a0\u00bb institu\u00e9 par des jeunes pour fustiger la gestion autocratique du r\u00e9gime Talon, Thibaut Ogou, pr\u00e9sident de l\u2019Alliance conclave de la jeunesse a d\u00e9cid\u00e9 de faire une marche d\u2019Abomey-Calavi \u00e0 Cotonou. Pancartes en mains, l\u2019ancien d\u00e9tenu politique de la rupture r\u00e9clame la baisse des co\u00fbts de la communication. Il r\u00e9clame le retour \u00e0 \u00ab\u00a01 gb favi\u00a0\u00bb. <\/span><\/p>\n<p class=\"p1\"><span class=\"s1\">Folak\u00e8 Ayekoro<\/span><\/p>\n","protected":false},"excerpt":{"rendered":"<p>Au B\u00e9nin le co\u00fbt de la communication est \u00e9lev\u00e9 et tr\u00e8s \u00e9lev\u00e9 depuis que le gouvernement de la rupture \u00e0 d\u00e9cid\u00e9 de monter les co\u00fbts pour punir ceux qui le critiquent. Qu\u2019il vous souvienne, le ministre des finances, Romuald Wadagni, en son temps, a justifi\u00e9 la hausse des co\u00fbts par le fait que les gens [&hellip;]<\/p>\n","protected":false},"author":2,"featured_media":2774,"comment_status":"open","ping_status":"closed","sticky":false,"template":"","format":"standard","meta":{"content-type":"","footnotes":""},"categories":[2,16,11,3,8],"tags":[],"class_list":{"0":"post-2773","1":"post","2":"type-post","3":"status-publish","4":"format-standard","5":"has-post-thumbnail","7":"category-actualites","8":"category-afrique","9":"category-benin","10":"category-politique","11":"category-societe"},"_links":{"self":[{"href":"https:\/\/djarobi.com\/index.php\/wp-json\/wp\/v2\/posts\/2773","targetHints":{"allow":["GET"]}}],"collection":[{"href":"https:\/\/djarobi.com\/index.php\/wp-json\/wp\/v2\/posts"}],"about":[{"href":"https:\/\/djarobi.com\/index.php\/wp-json\/wp\/v2\/types\/post"}],"author":[{"embeddable":true,"href":"https:\/\/djarobi.com\/index.php\/wp-json\/wp\/v2\/users\/2"}],"replies":[{"embeddable":true,"href":"https:\/\/djarobi.com\/index.php\/wp-json\/wp\/v2\/comments?post=2773"}],"version-history":[{"count":1,"href":"https:\/\/djarobi.com\/index.php\/wp-json\/wp\/v2\/posts\/2773\/revisions"}],"predecessor-version":[{"id":2777,"href":"https:\/\/djarobi.com\/index.php\/wp-json\/wp\/v2\/posts\/2773\/revisions\/2777"}],"wp:featuredmedia":[{"embeddable":true,"href":"https:\/\/djarobi.com\/index.php\/wp-json\/wp\/v2\/media\/2774"}],"wp:attachment":[{"href":"https:\/\/djarobi.com\/index.php\/wp-json\/wp\/v2\/media?parent=2773"}],"wp:term":[{"taxonomy":"category","embeddable":true,"href":"https:\/\/djarobi.com\/index.php\/wp-json\/wp\/v2\/categories?post=2773"},{"taxonomy":"post_tag","embeddable":true,"href":"https:\/\/djarobi.com\/index.php\/wp-json\/wp\/v2\/tags?post=2773"}],"curies":[{"name":"wp","href":"https:\/\/api.w.org\/{rel}","templated":true}]}}