{"id":2765,"date":"2024-09-05T11:44:23","date_gmt":"2024-09-05T11:44:23","guid":{"rendered":"https:\/\/djarobi.com\/?p=2765"},"modified":"2024-09-05T11:44:23","modified_gmt":"2024-09-05T11:44:23","slug":"benin-dossier-steve-amoussou-voici-comment-le-procureur-mario-metonou-se-defend","status":"publish","type":"post","link":"https:\/\/djarobi.com\/index.php\/2024\/09\/05\/benin-dossier-steve-amoussou-voici-comment-le-procureur-mario-metonou-se-defend\/","title":{"rendered":"B\u00e9nin\/Dossier Steve Amoussou: Voici comment le procureur Mario Metonou se d\u00e9fend"},"content":{"rendered":"<p class=\"p1\">Lors du proc\u00e8s des ravisseurs de Steve Amoussou, alias Fr\u00e8re Hounvi, le mardi dernier, le procureur sp\u00e9cial pr\u00e8s la Cour de r\u00e9pression des infractions \u00e9conomiques et du terrorisme (CRIET), Mario M\u00e8tonou, a r\u00e9v\u00e9l\u00e9 les circonstances dans lesquelles il a \u00e9t\u00e9 inform\u00e9 de l\u2019arrestation de ce dernier.<\/p>\n<p class=\"p1\"><span class=\"s1\">Selon le magistrat, il a officiellement \u00e9t\u00e9 inform\u00e9 de l\u2019arrestation de Steve Amoussou aux premi\u00e8res heures du mardi 13 ao\u00fbt 2024. \u00ab\u00a0Le Directeur de la lutte contre la cybercriminalit\u00e9 (DLC) m\u2019a rendu compte par \u00e9crit de la conduite \u00e0 l\u2019unit\u00e9 d\u2019un individu soup\u00e7onn\u00e9 d\u2019escroquerie. Le compte rendu pr\u00e9cise que la victime, r\u00e9sidant hors du territoire national, avait pr\u00e9alablement d\u00e9pos\u00e9 une plainte via le portail web de la DLC courant janvier de cette ann\u00e9e avant de la confirmer par un \u00e9crit d\u00e9pos\u00e9 directement au secr\u00e9tariat de l\u2019unit\u00e9 de police d\u00e9but mai 2024\u00a0\u00bb, a-t-il expliqu\u00e9.<\/span><\/p>\n<p class=\"p1\"><span class=\"s1\">Sur la base de ces informations, Mario M\u00e8tonou a donn\u00e9 des instructions pour que des investigations soient men\u00e9es par un officier de police. \u00ab\u00a0Ce compte rendu n\u2019appelant pas d\u2019instructions particuli\u00e8res de ma part, j\u2019ai simplement autoris\u00e9 l\u2019officier de police \u00e0 mener les investigations, puis \u00e0 pr\u00e9senter les parties dans les d\u00e9lais l\u00e9gaux\u00a0\u00bb. Le procureur sp\u00e9cial a confi\u00e9 qu\u2019il a d\u00e9couvert, via les r\u00e9seaux sociaux, que Steve Amoussou \u00e9tait en r\u00e9alit\u00e9 Fr\u00e8re Hounvi, le chroniqueur anonyme.<\/span><\/p>\n<p class=\"p1\"><span class=\"s1\">\u00ab\u00a0Au cours de la journ\u00e9e, j\u2019ai lu sur les r\u00e9seaux sociaux qu\u2019un ressortissant b\u00e9ninois avait \u00e9t\u00e9 enlev\u00e9 \u00e0 Lom\u00e9 puis conduit au B\u00e9nin. Le lieu de l\u2019interpellation a attir\u00e9 mon attention, et j\u2019ai entrepris de relire le compte rendu re\u00e7u dans la matin\u00e9e. Je n\u2019avais en effet pas particuli\u00e8rement retenu le nom du mis en cause. Cet exercice m\u2019a permis de comprendre que la personne dont on parlait sur les r\u00e9seaux sociaux \u00e9tait bien celle qui faisait l\u2019objet du compte rendu re\u00e7u plus t\u00f4t dans la journ\u00e9e\u00a0\u00bb.<\/span><\/p>\n<p class=\"p1\"><span class=\"s1\">C\u2019est ainsi qu\u2019une deuxi\u00e8me proc\u00e9dure a \u00e9t\u00e9 ouverte, cette fois-ci li\u00e9e aux publications de Fr\u00e8re Hounvi. \u00ab\u00a0J\u2019ai imm\u00e9diatement interpell\u00e9 le chef de la DLC qui m\u2019a dit avoir \u00e9galement lu sur les r\u00e9seaux sociaux que le nomm\u00e9 Steve Amoussou, puisqu\u2019il s\u2019agissait de lui, \u00e9tait celui qui se faisait appeler Fr\u00e8re Hounvi. J\u2019ai donn\u00e9 des instructions pour l\u2019ouverture d\u2019une deuxi\u00e8me proc\u00e9dure portant sur les faits reproch\u00e9s \u00e0 celui qui publie des chroniques sous ce pseudonyme\u00a0\u00bb, a-t-il ajout\u00e9.<\/span><\/p>\n<p class=\"p1\"><span class=\"s1\">\u00ab\u00a0Le mardi 20 ao\u00fbt 2024, la DLC m\u2019a pr\u00e9sent\u00e9 deux proc\u00e9dures dirig\u00e9es toutes contre le nomm\u00e9 Steve Amoussou. Dans la premi\u00e8re, il \u00e9tait question d\u2019une escroquerie portant sur la somme de dix millions de FCFA, au pr\u00e9judice du sieur AYI Marcellin. Dans la seconde, il s\u2019agissait des faits reproch\u00e9s \u00e0 celui qui op\u00e8re sous l\u2019alias Fr\u00e8re Hounvi. Cette derni\u00e8re proc\u00e9dure a \u00e9t\u00e9 inscrite \u00e0 l\u2019audience du 07 octobre 2024\u00a0\u00bb, a d\u00e9clar\u00e9 le magistrat, selon Libre Express.<br \/>\nLe procureur a \u00e9galement ordonn\u00e9 \u00e0 la DLC de poursuivre les investigations dans l\u2019affaire d\u2019escroquerie, en auditionnant la victime ou son repr\u00e9sentant, ainsi que \u00ab\u00a0d\u2019entendre celui qui a conduit le mis en cause Steve Amoussou sur les circonstances de son interpellation et de sa pr\u00e9sentation \u00e0 la DLC\u00a0\u00bb.<br \/>\nIl convient de rappeler que c\u2019est l\u2019opposant Martin Rodriguez qui a annonc\u00e9, dans une vid\u00e9o le mardi 13 ao\u00fbt 2024, l\u2019enl\u00e8vement de Steve Amoussou dans la capitale togolaise, pr\u00e9cisant qu\u2019il \u00e9tait le Fr\u00e8re Hounvi.<\/span><\/p>\n<p class=\"p1\"><span class=\"s1\">Source: L\u2019Investigateur <\/span><\/p>\n","protected":false},"excerpt":{"rendered":"<p>Lors du proc\u00e8s des ravisseurs de Steve Amoussou, alias Fr\u00e8re Hounvi, le mardi dernier, le procureur sp\u00e9cial pr\u00e8s la Cour de r\u00e9pression des infractions \u00e9conomiques et du terrorisme (CRIET), Mario M\u00e8tonou, a r\u00e9v\u00e9l\u00e9 les circonstances dans lesquelles il a \u00e9t\u00e9 inform\u00e9 de l\u2019arrestation de ce dernier. Selon le magistrat, il a officiellement \u00e9t\u00e9 inform\u00e9 de [&hellip;]<\/p>\n","protected":false},"author":2,"featured_media":2735,"comment_status":"open","ping_status":"closed","sticky":false,"template":"","format":"standard","meta":{"content-type":"","footnotes":""},"categories":[2,16,11,5,3],"tags":[],"class_list":{"0":"post-2765","1":"post","2":"type-post","3":"status-publish","4":"format-standard","5":"has-post-thumbnail","7":"category-actualites","8":"category-afrique","9":"category-benin","10":"category-diplomatie","11":"category-politique"},"_links":{"self":[{"href":"https:\/\/djarobi.com\/index.php\/wp-json\/wp\/v2\/posts\/2765","targetHints":{"allow":["GET"]}}],"collection":[{"href":"https:\/\/djarobi.com\/index.php\/wp-json\/wp\/v2\/posts"}],"about":[{"href":"https:\/\/djarobi.com\/index.php\/wp-json\/wp\/v2\/types\/post"}],"author":[{"embeddable":true,"href":"https:\/\/djarobi.com\/index.php\/wp-json\/wp\/v2\/users\/2"}],"replies":[{"embeddable":true,"href":"https:\/\/djarobi.com\/index.php\/wp-json\/wp\/v2\/comments?post=2765"}],"version-history":[{"count":1,"href":"https:\/\/djarobi.com\/index.php\/wp-json\/wp\/v2\/posts\/2765\/revisions"}],"predecessor-version":[{"id":2766,"href":"https:\/\/djarobi.com\/index.php\/wp-json\/wp\/v2\/posts\/2765\/revisions\/2766"}],"wp:featuredmedia":[{"embeddable":true,"href":"https:\/\/djarobi.com\/index.php\/wp-json\/wp\/v2\/media\/2735"}],"wp:attachment":[{"href":"https:\/\/djarobi.com\/index.php\/wp-json\/wp\/v2\/media?parent=2765"}],"wp:term":[{"taxonomy":"category","embeddable":true,"href":"https:\/\/djarobi.com\/index.php\/wp-json\/wp\/v2\/categories?post=2765"},{"taxonomy":"post_tag","embeddable":true,"href":"https:\/\/djarobi.com\/index.php\/wp-json\/wp\/v2\/tags?post=2765"}],"curies":[{"name":"wp","href":"https:\/\/api.w.org\/{rel}","templated":true}]}}