{"id":2760,"date":"2024-09-04T00:07:41","date_gmt":"2024-09-04T00:07:41","guid":{"rendered":"https:\/\/djarobi.com\/?p=2760"},"modified":"2024-09-04T00:07:41","modified_gmt":"2024-09-04T00:07:41","slug":"benin-rebondissement-dans-le-dossier-steve-amoussou-les-incoherences-dun-proces-factice","status":"publish","type":"post","link":"https:\/\/djarobi.com\/index.php\/2024\/09\/04\/benin-rebondissement-dans-le-dossier-steve-amoussou-les-incoherences-dun-proces-factice\/","title":{"rendered":"B\u00e9nin\/ Rebondissement dans le dossier Steve Amoussou: Les incoh\u00e9rences d\u2019un proc\u00e8s  factice"},"content":{"rendered":"<p class=\"p1\">Le dossier Steve Amoussou comme nous n\u2019avons jamais cess\u00e9 de le dire n\u2019a pas encore livr\u00e9 tous ses secrets. Ce mardi 3 septembre 2024, un proc\u00e8s inattendu devant la Cour de r\u00e9pression des infractions \u00e9conomiques et du terrorisme(Criet). Les ravisseurs de Steve Amoussou ont \u00e9t\u00e9 de fa\u00e7on inattendue pr\u00e9sent\u00e9s et jug\u00e9s. \u00ab Madame la pr\u00e9sidente, le Minist\u00e8re Public poursuit les pr\u00e9venus devant votre Cour pour des faits\u00a0 \u00ab\u00a0d\u2019arrestation ill\u00e9gale de personnes \u201c\u2026\u00a0\u00bb, a d\u00e9clar\u00e9 le procureur sp\u00e9cial Mario Metonou qui, il y a quelques jours a mis sous mandat de d\u00e9p\u00f4t Steve Amoussou pour des faits qui n\u2019ont aucun rapport avec une affaire d\u2019escroquerie. Alors qu\u2019\u00e0 la barre ce mardi,\u00a0 les pr\u00e9venus (les ravisseurs de Steve Amoussou) parlent d\u2019affaire d\u2019argent ( 10 millions de francs Cfa) entre Steve et un certain Marcellin Ayi et que ce dernier serait le commanditaire de cette op\u00e9ration depuis l\u2019Indon\u00e9sie son pays de r\u00e9sidence. En clair on veut faire croire donc que le gouvernement n\u2019en est pour rien et du coup tenter de brouiller les pistes des enqu\u00eateurs togolais qui minutieusement collectent et documentent tous les \u00e9l\u00e9ments n\u00e9cessaires aux fins d\u2019un bon proc\u00e8s aux auteurs de cet acte crapuleux et honteux. Le B\u00e9nin continue de s\u2019illustrer dans les mauvaises pratiques en mati\u00e8re de droit international. Et ce proc\u00e8s vient d\u2019ailleurs relancer le d\u00e9bat avec une s\u00e9rie d\u2019interrogations auxquelles le procureur sp\u00e9cial devra \u00e9clairer l\u2019opinion publique.<\/p>\n<p class=\"p1\"><span class=\"s1\">Questions<\/span><\/p>\n<p class=\"p1\"><span class=\"s1\">Sur quelle base le procureur sp\u00e9cial Mario Metonou avait re\u00e7u et mis sous mandat de d\u00e9p\u00f4t Steve Amoussou?<\/span><\/p>\n<p class=\"p1\"><span class=\"s1\">Que deviennent alors les chefs d\u2019accusation contre Steve Amoussou ?<\/span><\/p>\n<p class=\"p1\"><span class=\"s1\">Pourquoi n\u2019a -t-il pas fait la proc\u00e9dure pour remettre les pr\u00e9venus \u00e0 la justice togolaise comme l\u2019exigent les closes de la coop\u00e9ration judiciaire? <\/span><\/p>\n<p class=\"p1\"><span class=\"s1\">Quel est d\u00e8s l\u2019instant T le sort de Steve Amoussou accus\u00e9 pour: harc\u00e8lement par voie \u00e9lectronique, initiation et publication de fausses nouvelles et puis incitation directe \u00e0 la r\u00e9bellion?<\/span><\/p>\n<p class=\"p1\"><span class=\"s1\">Dans les heures \u00e0 venir les b\u00e9ninois attendent des explications du procureur sp\u00e9cial de la Criet. Car proc\u00e8s ne repose sur aucune base juridique. La justice b\u00e9ninoise se fourvoie et jette de l\u2019opprobre sur le B\u00e9nin jadis quartier latin de l\u2019Afrique. La rupture le grand responsable de cette pourriture. <\/span><\/p>\n<p class=\"p1\"><span class=\"s1\">F.A. <\/span><\/p>\n","protected":false},"excerpt":{"rendered":"<p>Le dossier Steve Amoussou comme nous n\u2019avons jamais cess\u00e9 de le dire n\u2019a pas encore livr\u00e9 tous ses secrets. Ce mardi 3 septembre 2024, un proc\u00e8s inattendu devant la Cour de r\u00e9pression des infractions \u00e9conomiques et du terrorisme(Criet). Les ravisseurs de Steve Amoussou ont \u00e9t\u00e9 de fa\u00e7on inattendue pr\u00e9sent\u00e9s et jug\u00e9s. \u00ab Madame la pr\u00e9sidente, [&hellip;]<\/p>\n","protected":false},"author":2,"featured_media":2761,"comment_status":"open","ping_status":"closed","sticky":false,"template":"","format":"standard","meta":{"content-type":"","footnotes":""},"categories":[2,16,11,5,3],"tags":[],"class_list":{"0":"post-2760","1":"post","2":"type-post","3":"status-publish","4":"format-standard","5":"has-post-thumbnail","7":"category-actualites","8":"category-afrique","9":"category-benin","10":"category-diplomatie","11":"category-politique"},"_links":{"self":[{"href":"https:\/\/djarobi.com\/index.php\/wp-json\/wp\/v2\/posts\/2760","targetHints":{"allow":["GET"]}}],"collection":[{"href":"https:\/\/djarobi.com\/index.php\/wp-json\/wp\/v2\/posts"}],"about":[{"href":"https:\/\/djarobi.com\/index.php\/wp-json\/wp\/v2\/types\/post"}],"author":[{"embeddable":true,"href":"https:\/\/djarobi.com\/index.php\/wp-json\/wp\/v2\/users\/2"}],"replies":[{"embeddable":true,"href":"https:\/\/djarobi.com\/index.php\/wp-json\/wp\/v2\/comments?post=2760"}],"version-history":[{"count":1,"href":"https:\/\/djarobi.com\/index.php\/wp-json\/wp\/v2\/posts\/2760\/revisions"}],"predecessor-version":[{"id":2762,"href":"https:\/\/djarobi.com\/index.php\/wp-json\/wp\/v2\/posts\/2760\/revisions\/2762"}],"wp:featuredmedia":[{"embeddable":true,"href":"https:\/\/djarobi.com\/index.php\/wp-json\/wp\/v2\/media\/2761"}],"wp:attachment":[{"href":"https:\/\/djarobi.com\/index.php\/wp-json\/wp\/v2\/media?parent=2760"}],"wp:term":[{"taxonomy":"category","embeddable":true,"href":"https:\/\/djarobi.com\/index.php\/wp-json\/wp\/v2\/categories?post=2760"},{"taxonomy":"post_tag","embeddable":true,"href":"https:\/\/djarobi.com\/index.php\/wp-json\/wp\/v2\/tags?post=2760"}],"curies":[{"name":"wp","href":"https:\/\/api.w.org\/{rel}","templated":true}]}}