{"id":2734,"date":"2024-08-28T08:47:24","date_gmt":"2024-08-28T08:47:24","guid":{"rendered":"https:\/\/djarobi.com\/?p=2734"},"modified":"2024-08-28T08:47:24","modified_gmt":"2024-08-28T08:47:24","slug":"benin-affaire-steve-amoussou-le-procureur-special-de-la-criet-toujours-attendu-pour-ses-clarifications","status":"publish","type":"post","link":"https:\/\/djarobi.com\/index.php\/2024\/08\/28\/benin-affaire-steve-amoussou-le-procureur-special-de-la-criet-toujours-attendu-pour-ses-clarifications\/","title":{"rendered":"B\u00e9nin\/Affaire Steve Amoussou: Le procureur sp\u00e9cial de la Criet toujours attendu pour ses clarifications"},"content":{"rendered":"<p class=\"p1\">Le sujet qui occupe l\u2019actualit\u00e9 depuis le 12 ao\u00fbt au B\u00e9nin et au Togo reste l\u2019enl\u00e8vement crapuleux dans les rues de Lom\u00e9 du b\u00e9ninois Steve Amoussou par des individus venus du B\u00e9nin. Depuis le 20 ao\u00fbt 2024, Steve Amoussou a \u00e9t\u00e9 pr\u00e9sent\u00e9 au procureur sp\u00e9cial de la Cour de r\u00e9pression des infractions \u00e9conomiques et du terrorisme (Criet) et plac\u00e9 sous mandat de d\u00e9p\u00f4t. Le 24 ao\u00fbt, le procureur du tribunal de grande instance de Lom\u00e9 (Togo) a rendu public un communiqu\u00e9 pour faire la lumi\u00e8re sur les circonstances du kidnapping et annoncer des mandats d\u2019arr\u00eat contre les ravisseurs de Steve Amoussou.<\/p>\n<p class=\"p1\"><span class=\"s1\">Malheureusement et contrairement \u00e0 ses habitudes, le procureur sp\u00e9cial de la Criet garde un silence des plus assourdissants. Les b\u00e9ninois attendent avec impatience de savoir r\u00e9ellement ce qui s\u2019est pass\u00e9. Mario Metonou doit venir dire aux B\u00e9ninois les tenants et les aboutissants de cet acte crapuleux, honteux, puant que des kl\u00e9b\u00e9s tentent maladroitement de justifier. Mario Metonou doit monter au cr\u00e9neau comme \u00e0 ses habitudes et dire aux B\u00e9ninois les circonstances de l\u2019arrestation ( puisque selon eux, il s\u2019agit d\u2019une arrestation) de Steve Amoussou qui vivait \u00e0 Lom\u00e9 en terre togolaise. Qu\u2019il vienne dire aux B\u00e9ninois si sa juridiction a coop\u00e9r\u00e9 avec les autorit\u00e9s judiciaires du Togo conform\u00e9ment \u00e0 la r\u00e9glementation en la mati\u00e8re? Qu\u2019il vienne dire aux B\u00e9ninois, ceux qui ont particip\u00e9 \u00e0 cette op\u00e9ration commando. Qu\u2019il vienne dire aux B\u00e9ninois en quelle qualit\u00e9 ces individus ont agi et qui en est le commanditaire? Les B\u00e9ninois ont besoin de savoir car leur s\u00e9curit\u00e9 en d\u00e9pend. <\/span><\/p>\n<p class=\"p1\"><span class=\"s1\">Cette op\u00e9ration vient r\u00e9v\u00e9ler une fois encore (apr\u00e8s les tueries de Cadjehoun, Bant\u00e8, Sav\u00e8 et autres) la face criminelle de la gouvernance autocratique du r\u00e9gime de la rupture qui fait aujourd\u2019hui du B\u00e9nin l\u2019un des Etats les plus voyous de la plan\u00e8te. L\u2019affaire Fr\u00e8re Hounvi r\u00e9v\u00e8le que les B\u00e9ninois (m\u00eame ceux qui se croient \u00eatre soutien de Patrice Talon) ne sont vraiment plus en s\u00e9curit\u00e9. Certaines voix d\u00e9non\u00e7aient la chose, mais l\u2019enl\u00e8vement de Steve Amoussou dans un territoire \u00e9tranger par des b\u00e9ninois en violation du droit international, vient confirmer ce que certains kl\u00e9b\u00e9s appelaient \u00ab\u00a0canular\u00a0\u00bb. Mario Metonou doit sortir de sa zone de confort et nous dire ce qui s\u2019est pass\u00e9 entre le 12 ao\u00fbt date d\u2019enl\u00e8vement de Steve Amoussou et le 20 ao\u00fbt date de sa pr\u00e9sentation et de son incarc\u00e9ration. <\/span><\/p>\n<p class=\"p1\"><span class=\"s1\">F.A. <\/span><\/p>\n","protected":false},"excerpt":{"rendered":"<p>Le sujet qui occupe l\u2019actualit\u00e9 depuis le 12 ao\u00fbt au B\u00e9nin et au Togo reste l\u2019enl\u00e8vement crapuleux dans les rues de Lom\u00e9 du b\u00e9ninois Steve Amoussou par des individus venus du B\u00e9nin. Depuis le 20 ao\u00fbt 2024, Steve Amoussou a \u00e9t\u00e9 pr\u00e9sent\u00e9 au procureur sp\u00e9cial de la Cour de r\u00e9pression des infractions \u00e9conomiques et du [&hellip;]<\/p>\n","protected":false},"author":2,"featured_media":2735,"comment_status":"open","ping_status":"closed","sticky":false,"template":"","format":"standard","meta":{"content-type":"","footnotes":""},"categories":[2,16,11,5,3],"tags":[],"class_list":{"0":"post-2734","1":"post","2":"type-post","3":"status-publish","4":"format-standard","5":"has-post-thumbnail","7":"category-actualites","8":"category-afrique","9":"category-benin","10":"category-diplomatie","11":"category-politique"},"_links":{"self":[{"href":"https:\/\/djarobi.com\/index.php\/wp-json\/wp\/v2\/posts\/2734","targetHints":{"allow":["GET"]}}],"collection":[{"href":"https:\/\/djarobi.com\/index.php\/wp-json\/wp\/v2\/posts"}],"about":[{"href":"https:\/\/djarobi.com\/index.php\/wp-json\/wp\/v2\/types\/post"}],"author":[{"embeddable":true,"href":"https:\/\/djarobi.com\/index.php\/wp-json\/wp\/v2\/users\/2"}],"replies":[{"embeddable":true,"href":"https:\/\/djarobi.com\/index.php\/wp-json\/wp\/v2\/comments?post=2734"}],"version-history":[{"count":1,"href":"https:\/\/djarobi.com\/index.php\/wp-json\/wp\/v2\/posts\/2734\/revisions"}],"predecessor-version":[{"id":2736,"href":"https:\/\/djarobi.com\/index.php\/wp-json\/wp\/v2\/posts\/2734\/revisions\/2736"}],"wp:featuredmedia":[{"embeddable":true,"href":"https:\/\/djarobi.com\/index.php\/wp-json\/wp\/v2\/media\/2735"}],"wp:attachment":[{"href":"https:\/\/djarobi.com\/index.php\/wp-json\/wp\/v2\/media?parent=2734"}],"wp:term":[{"taxonomy":"category","embeddable":true,"href":"https:\/\/djarobi.com\/index.php\/wp-json\/wp\/v2\/categories?post=2734"},{"taxonomy":"post_tag","embeddable":true,"href":"https:\/\/djarobi.com\/index.php\/wp-json\/wp\/v2\/tags?post=2734"}],"curies":[{"name":"wp","href":"https:\/\/api.w.org\/{rel}","templated":true}]}}