{"id":2706,"date":"2024-08-21T13:56:04","date_gmt":"2024-08-21T13:56:04","guid":{"rendered":"https:\/\/djarobi.com\/?p=2706"},"modified":"2024-08-21T13:56:04","modified_gmt":"2024-08-21T13:56:04","slug":"politique-togo-35-ministres-avec-lentree-de-lanc-la-composition-du-nouveau-gouvernement","status":"publish","type":"post","link":"https:\/\/djarobi.com\/index.php\/2024\/08\/21\/politique-togo-35-ministres-avec-lentree-de-lanc-la-composition-du-nouveau-gouvernement\/","title":{"rendered":"Politique \/ Togo, 35 ministres avec l\u2019entr\u00e9e de l\u2019ANC, la composition du nouveau gouvernement"},"content":{"rendered":"<p class=\"p1\">Republique Togolaise<\/p>\n<p class=\"p2\"><span class=\"s2\">composition du nouveau Gouvernement<\/span><\/p>\n<p class=\"p2\"><span class=\"s2\">Le Pr\u00e9sident de la R\u00e9publique, Faure Essozimna Gnassingb\u00e9 a proc\u00e9d\u00e9 ce mardi 20 ao\u00fbt, sur proposition du Premier ministre, et conform\u00e9ment aux dispositions transitoires de la Constitution du 6 mai 2024, \u00e0 la nomination d\u2019un nouveau gouvernement.<\/span><\/p>\n<p class=\"p2\"><span class=\"s2\">Premier ministre, chef du Gouvernement: Victoire Sid\u00e9m\u00e9ho Tom\u00e9gah-Dogb\u00e9<\/span><\/p>\n<p class=\"p2\"><span class=\"s2\">Ministre d\u2019Etat, ministre des ressources halieutiques, animales et de la r\u00e9glementation de la transhumance: G\u00e9n\u00e9ral Damehame Yark<\/span><\/p>\n<p class=\"p2\"><span class=\"s2\">Au titre des Ministres<\/span><\/p>\n<p class=\"p2\"><span class=\"s2\">Ministre de la r\u00e9forme du service public, du travail et du dialogue: Gilbert Bawara<\/span><\/p>\n<p class=\"p2\"><span class=\"s2\">Ministre de l\u2019\u00e9conomie num\u00e9rique et de la transformation digitale: Cina Lawson<\/span><\/p>\n<p class=\"p2\"><span class=\"s2\">Ministre de l\u2019environnement et des ressources foresti\u00e8res: Katari Foli-Bazi<\/span><\/p>\n<p class=\"p2\"><span class=\"s2\">Ministre de l\u2019urbanisme, de l\u2019habitat et de la r\u00e9forme fonci\u00e8re: Yawa Djigbodi Ts\u00e9gan<\/span><\/p>\n<p class=\"p2\"><span class=\"s2\">Ministre de l\u2019agriculture, de l\u2019hydraulique villageoise et du d\u00e9veloppement rural:Antoine L\u00e9kpa Gb\u00e9gb\u00e9ni<\/span><\/p>\n<p class=\"p2\"><span class=\"s2\">Ministre du commerce, de l\u2019artisanat et de la consommation locale:Rose Kayi Mivedor Sambiani<\/span><\/p>\n<p class=\"p2\"><span class=\"s2\">Ministre des travaux publics et des infrastructures: Sani Yaya<\/span><\/p>\n<p class=\"p2\"><span class=\"s2\">Ministre des affaires \u00e9trang\u00e8res, de l\u2019int\u00e9gration r\u00e9gionale et des Togolais de l\u2019Ext\u00e9rieur: Prof Robert Komlan Edoh Dussey<\/span><\/p>\n<p class=\"p2\"><span class=\"s2\">Ministre de l\u2019administration territoriale, de la d\u00e9centralisation et de la chefferie coutumi\u00e8re:Colonel Hodabalo Awate<\/span><\/p>\n<p class=\"p2\"><span class=\"s2\">Ministre de la communication, des m\u00e9dias, de la culture, Porte-parole du Gouvernement:Yawa Kouigan<\/span><\/p>\n<p class=\"p2\"><span class=\"s2\">Ministre des enseignements primaires et secondaires: Prof Komla Dodzi Kokoroko<\/span><\/p>\n<p class=\"p2\"><span class=\"s2\">Ministre du d\u00e9veloppement \u00e0 la base, de l\u2019inclusion financi\u00e8re, de la jeunesse et de l\u2019emploi des jeunes: Mazamesso Assih<\/span><\/p>\n<p class=\"p2\"><span class=\"s2\">Ministre du d\u00e9senclavement et des pistes rurales: Bouraima Kanfitine Tchede Issa<\/span><\/p>\n<p class=\"p2\"><span class=\"s2\">Ministre de la s\u00e9curit\u00e9 et de la protection civile: Colonel Calixte Batossie Madjoulba<\/span><\/p>\n<p class=\"p2\"><span class=\"s2\">Ministre de l\u2019industrie et de la promotion des investissements Manuella: Modukpe Santos<\/span><\/p>\n<p class=\"p2\"><span class=\"s2\">Ministre de l\u2019acc\u00e8s aux soins et de la couverture sanitaire:Jean Marie Koffi Ewonoule Tessi<\/span><\/p>\n<p class=\"p2\"><span class=\"s2\">Ministre de la justice et de la l\u00e9gislation, Garde des Sceaux: Mipamb Nahm-Tchougli<\/span><\/p>\n<p class=\"p2\"><span class=\"s2\">Ministre de l\u2019eau et de l\u2019assainissement :Mawugno Mila Ami Aziable<\/span><\/p>\n<p class=\"p2\"><span class=\"s2\">Ministre des droits de l\u2019homme, de la formation \u00e0 la citoyennet\u00e9, et des relations avec les Institutions de la R\u00e9publique:Me Pac\u00f4me Yawovi Adjourouvi<\/span><\/p>\n<p class=\"p2\"><span class=\"s2\">Ministre des sports et des loisirs: Lt-Colonel Lidi Bessi-Kama<\/span><\/p>\n<p class=\"p2\"><span class=\"s2\">Ministre de l\u2019enseignement sup\u00e9rieur et de la recherche : Kanka Malik Natchaba<\/span><\/p>\n<p class=\"p2\"><span class=\"s2\">Ministre de l\u2019\u00e9conomie et des finances: Essow\u00e8 Georges Barcola<\/span><\/p>\n<p class=\"p2\"><span class=\"s2\">Ministre de la sant\u00e9 et de l\u2019hygi\u00e8ne publique :Prof Tiem Dar\u00e9<\/span><\/p>\n<p class=\"p2\"><span class=\"s2\">Ministre des mines et des ressources \u00e9nerg\u00e9tiques: Robert Koffi Messan Eklo<\/span><\/p>\n<p class=\"p2\"><span class=\"s2\">Ministre de l\u2019am\u00e9nagement et du d\u00e9veloppement des territoires: Koami Gomado<\/span><\/p>\n<p class=\"p2\"><span class=\"s2\">Ministre de l\u2019\u00e9conomie maritime et de la protection c\u00f4ti\u00e8re: Richard Kangbeni<\/span><\/p>\n<p class=\"p2\"><span class=\"s2\">Ministre de l\u2019action sociale, de la solidarit\u00e9 et de la promotion de la femme: Prof Akossiwa Zinsou Klassou<\/span><\/p>\n<p class=\"p2\"><span class=\"s2\">Ministre de l\u2019enseignement technique, de la formation professionnelle et de l\u2019apprentissage: Isaac Tchiakpe<\/span><\/p>\n<p class=\"p2\"><span class=\"s2\">Au titre des Ministres d\u00e9l\u00e9gu\u00e9s<\/span><\/p>\n<p class=\"p2\"><span class=\"s2\">Ministre d\u00e9l\u00e9gu\u00e9 aupr\u00e8s du Ministre des mines et des ressources \u00e9nerg\u00e9tiques: Mawussi Kakatsi<\/span><\/p>\n<p class=\"p2\"><span class=\"s2\">Ministre d\u00e9l\u00e9gu\u00e9 aupr\u00e8s du Ministre de la s\u00e9curit\u00e9 et de la protection civile: Mohamed Ouro-Sama<\/span><\/p>\n<p class=\"p2\"><span class=\"s2\">Ministre d\u00e9l\u00e9gu\u00e9 aupr\u00e8s du Ministre du commerce, de l\u2019artisanat et de la consommation locale: Prof Kossivi Hounake<\/span><\/p>\n<p class=\"p2\"><span class=\"s2\">Ministre d\u00e9l\u00e9gu\u00e9 aupr\u00e8s du Ministre du d\u00e9veloppement \u00e0 la base, de l\u2019inclusion financi\u00e8re, de la jeunesse et de l\u2019emploi des jeunes: Abdul Fahd Fofana<\/span><\/p>\n<p class=\"p2\"><span class=\"s2\">Au titre des Ministres \u00e0 la Pr\u00e9sidence de la R\u00e9publique<\/span><\/p>\n<p class=\"p2\"><span class=\"s2\">Pascal Akoussoul\u00e8lou Bodjona Kokou Edem Tengue Le minist\u00e8re de la planification, du d\u00e9veloppement et de la coop\u00e9ration, et le minist\u00e8re des arm\u00e9es sont rattach\u00e9s \u00e0 la Pr\u00e9sidence de la R\u00e9publique.<\/span><\/p>\n<p class=\"p2\"><span class=\"s2\">Le minist\u00e8re des transports terrestres, a\u00e9riens et ferroviaires est rattach\u00e9 \u00e0 la Primature.<\/span><\/p>\n<p class=\"p2\"><span class=\"s2\">Il sera cr\u00e9\u00e9 un Haut-commissariat au tourisme<\/span><\/p>\n<p class=\"p2\"><span class=\"s2\">Source: Cloche M\u00e9dia Monde<\/span><\/p>\n","protected":false},"excerpt":{"rendered":"<p>Republique Togolaise composition du nouveau Gouvernement Le Pr\u00e9sident de la R\u00e9publique, Faure Essozimna Gnassingb\u00e9 a proc\u00e9d\u00e9 ce mardi 20 ao\u00fbt, sur proposition du Premier ministre, et conform\u00e9ment aux dispositions transitoires de la Constitution du 6 mai 2024, \u00e0 la nomination d\u2019un nouveau gouvernement. Premier ministre, chef du Gouvernement: Victoire Sid\u00e9m\u00e9ho Tom\u00e9gah-Dogb\u00e9 Ministre d\u2019Etat, ministre des [&hellip;]<\/p>\n","protected":false},"author":2,"featured_media":2707,"comment_status":"open","ping_status":"closed","sticky":false,"template":"","format":"standard","meta":{"content-type":"","footnotes":""},"categories":[2,16,11,5,3],"tags":[],"class_list":{"0":"post-2706","1":"post","2":"type-post","3":"status-publish","4":"format-standard","5":"has-post-thumbnail","7":"category-actualites","8":"category-afrique","9":"category-benin","10":"category-diplomatie","11":"category-politique"},"_links":{"self":[{"href":"https:\/\/djarobi.com\/index.php\/wp-json\/wp\/v2\/posts\/2706","targetHints":{"allow":["GET"]}}],"collection":[{"href":"https:\/\/djarobi.com\/index.php\/wp-json\/wp\/v2\/posts"}],"about":[{"href":"https:\/\/djarobi.com\/index.php\/wp-json\/wp\/v2\/types\/post"}],"author":[{"embeddable":true,"href":"https:\/\/djarobi.com\/index.php\/wp-json\/wp\/v2\/users\/2"}],"replies":[{"embeddable":true,"href":"https:\/\/djarobi.com\/index.php\/wp-json\/wp\/v2\/comments?post=2706"}],"version-history":[{"count":1,"href":"https:\/\/djarobi.com\/index.php\/wp-json\/wp\/v2\/posts\/2706\/revisions"}],"predecessor-version":[{"id":2708,"href":"https:\/\/djarobi.com\/index.php\/wp-json\/wp\/v2\/posts\/2706\/revisions\/2708"}],"wp:featuredmedia":[{"embeddable":true,"href":"https:\/\/djarobi.com\/index.php\/wp-json\/wp\/v2\/media\/2707"}],"wp:attachment":[{"href":"https:\/\/djarobi.com\/index.php\/wp-json\/wp\/v2\/media?parent=2706"}],"wp:term":[{"taxonomy":"category","embeddable":true,"href":"https:\/\/djarobi.com\/index.php\/wp-json\/wp\/v2\/categories?post=2706"},{"taxonomy":"post_tag","embeddable":true,"href":"https:\/\/djarobi.com\/index.php\/wp-json\/wp\/v2\/tags?post=2706"}],"curies":[{"name":"wp","href":"https:\/\/api.w.org\/{rel}","templated":true}]}}