{"id":2677,"date":"2024-08-16T18:26:54","date_gmt":"2024-08-16T18:26:54","guid":{"rendered":"https:\/\/djarobi.com\/?p=2677"},"modified":"2024-08-16T18:26:54","modified_gmt":"2024-08-16T18:26:54","slug":"senegal-suite-au-succes-de-la-journee-sans-presse-le-cdeps-accepte-lappel-au-dialogue-du-president-diomaye-faye","status":"publish","type":"post","link":"https:\/\/djarobi.com\/index.php\/2024\/08\/16\/senegal-suite-au-succes-de-la-journee-sans-presse-le-cdeps-accepte-lappel-au-dialogue-du-president-diomaye-faye\/","title":{"rendered":"S\u00e9n\u00e9gal\/Suite au succ\u00e8s de la \u00ab journ\u00e9e sans presse \u00bb: Le Cdeps accepte l\u2019appel au dialogue du pr\u00e9sident Diomaye Faye"},"content":{"rendered":"<p class=\"p1\">Le mardi 13 ao\u00fbt 2024, la presse s\u00e9n\u00e9galaise a observ\u00e9 \u00ab une journ\u00e9e sans presse \u00bb. Cette journ\u00e9e d\u00e9cid\u00e9e par le Conseil des diffuseurs et \u00e9diteurs de presse du S\u00e9n\u00e9gal, \u00e9tait \u00ab la r\u00e9ponse des m\u00e9dias s\u00e9n\u00e9galais au refus de dialoguer des nouvelles autorit\u00e9s sur les probl\u00e8mes de la presse \u00bb, pr\u00e9cise le communiqu\u00e9. Les patrons de presse du S\u00e9n\u00e9gal se disent disponibles pour discuter avec les nouvelles autorit\u00e9s. R\u00e9pondant ainsi \u00e0 l\u2019appel au dialogue du pr\u00e9sident de la R\u00e9publique Diomaye Faye. Dans le communiqu\u00e9 publi\u00e9 ce vendredi, le Conseil salue le succ\u00e8s de son action et reste mobilis\u00e9.<\/p>\n<p class=\"p1\"><span class=\"s1\"><b>Communiqu\u00e9 sur le succ\u00e8s de la journ\u00e9e sans presse<\/b><\/span><\/p>\n<p class=\"p1\"><span class=\"s1\">Le CDEPS salue l\u2019appel au dialogue du pr\u00e9sident de la R\u00e9publique<\/span><\/p>\n<p class=\"p1\"><span class=\"s1\">Le CDEPS se f\u00e9licite d\u2019abord du succ\u00e8s \u00e9clatant de la \u00abjourn\u00e9e sans presse\u00bb du mardi 13 ao\u00fbt 2024 au niveau national et international.<\/span><\/p>\n<p class=\"p1\"><span class=\"s1\">La quasi-totalit\u00e9 des m\u00e9dias nationaux, qui sortent sur support papier, n\u2019ont pas paru, les radios s\u00e9n\u00e9galaises sont rest\u00e9es muettes ou n\u2019ont pas \u00e9mis de programme d\u2019information, les t\u00e9l\u00e9visions nationales ont fait \u00e9cran noir ou diffus\u00e9 des visuels sur la \u00abjourn\u00e9e sans presse\u00bb.<\/span><\/p>\n<p class=\"p1\"><span class=\"s1\">Au niveau international, plusieurs m\u00e9dias africains, europ\u00e9ens et am\u00e9ricains ont relay\u00e9 l\u2019information sur la \u00abjourn\u00e9e sans presse\u00bb au S\u00e9n\u00e9gal, relatant les relations heurt\u00e9es entre le nouveau r\u00e9gime du pr\u00e9sident Bassirou Diomaye Diakhar Faye et les m\u00e9dias locaux.<\/span><\/p>\n<p class=\"p1\"><span class=\"s1\">Toutefois, le CDEPS comprend que cette journ\u00e9e a priv\u00e9 les S\u00e9n\u00e9galais d\u2019informations et les annonceurs des espaces qui leur sont r\u00e9serv\u00e9s dans les journaux, les radios, les t\u00e9l\u00e9visions ou les m\u00e9dias \u00e9lectroniques. La presse de son c\u00f4t\u00e9 et dans sa globalit\u00e9 a accept\u00e9 de se priver de recettes importantes pour ce jour sans presse. Le combat auquel le CDEPS est contraint exigeait de tous d\u2019exprimer par ce moyen notre refus d\u2019\u00eatre index\u00e9s comme de mauvais contribuables ; ce qui est totalement faux et inacceptable.<\/span><\/p>\n<p class=\"p1\"><span class=\"s1\">La \u00abjourn\u00e9e sans presse\u00bb \u00e9tait aussi la r\u00e9ponse des m\u00e9dias s\u00e9n\u00e9galais au refus de dialoguer des nouvelles autorit\u00e9s sur les probl\u00e8mes de la presse.<\/span><\/p>\n<p class=\"p1\"><span class=\"s1\">Au contraire, le nouveau r\u00e9gime a pos\u00e9 des actes dont le dessein est d\u2019\u00e9touffer \u00e9conomiquement et fiscalement les entreprises de presse priv\u00e9es (poursuites fiscales alors que les entreprises ne refusent pas de payer les imp\u00f4ts, gel des cr\u00e9ances sur l\u2019\u00c9tat, r\u00e9siliation unilat\u00e9rale des contrats publicitaires, blocage de l\u2019aide \u00e0 la presse, confiscation des deux bouquets du Groupe EXCAF, etc.).<\/span><\/p>\n<p class=\"p1\"><span class=\"s1\">C\u2019est dans ce contexte que le CDEPS salue avec toute l\u2019attention requise, tel que publi\u00e9 dans le communiqu\u00e9 du Conseil des ministres du 13 ao\u00fbt 2024, l\u2019appel du pr\u00e9sident de la R\u00e9publique \u00e0 \u00abun dialogue r\u00e9nov\u00e9 avec la presse\u00bb sur la \u00absituation g\u00e9n\u00e9rale\u00bb de celle-ci et qui m\u00e9rite une attention particuli\u00e8re du Gouvernement et des mesures appropri\u00e9es\u00bb.<\/span><\/p>\n<p class=\"p1\"><span class=\"s1\">\u00c0 cet \u00e9gard, les entreprises de presses conviennent que la concertation est utile pour sortir de ce malentendu qui ne doit pas prosp\u00e9rer et de s\u2019engager \u00e0 trouver les solutions structurelles afin de permettre \u00e0 l\u2019entreprise de presse de se consolider. Le CDEPS, comme par le pass\u00e9, demeure disponible et r\u00e9pond d\u00e8s \u00e0 pr\u00e9sent favorablement \u00e0 cet appel pr\u00e9sidentiel. Le patronat de la presse marque sa disponibilit\u00e9 pour discuter avec le pr\u00e9sident de la R\u00e9publique pour les conditions \u00e0 r\u00e9unir pour une presse r\u00e9publicaine, libre et ind\u00e9pendante, viable \u00e9conomiquement.<\/span><\/p>\n<p class=\"p1\"><span class=\"s1\">Fait \u00e0 Dakar, le vendredi 16 ao\u00fbt 2024.<\/span><\/p>\n<p class=\"p1\"><span class=\"s1\">Par le Conseil des Diffuseurs et \u00c9diteurs de Presse du S\u00e9n\u00e9gal (CDEPS)<\/span><\/p>\n","protected":false},"excerpt":{"rendered":"<p>Le mardi 13 ao\u00fbt 2024, la presse s\u00e9n\u00e9galaise a observ\u00e9 \u00ab une journ\u00e9e sans presse \u00bb. Cette journ\u00e9e d\u00e9cid\u00e9e par le Conseil des diffuseurs et \u00e9diteurs de presse du S\u00e9n\u00e9gal, \u00e9tait \u00ab la r\u00e9ponse des m\u00e9dias s\u00e9n\u00e9galais au refus de dialoguer des nouvelles autorit\u00e9s sur les probl\u00e8mes de la presse \u00bb, pr\u00e9cise le communiqu\u00e9. Les [&hellip;]<\/p>\n","protected":false},"author":2,"featured_media":2663,"comment_status":"open","ping_status":"closed","sticky":false,"template":"","format":"standard","meta":{"content-type":"","footnotes":""},"categories":[2,16,11,14,3,8],"tags":[],"class_list":{"0":"post-2677","1":"post","2":"type-post","3":"status-publish","4":"format-standard","5":"has-post-thumbnail","7":"category-actualites","8":"category-afrique","9":"category-benin","10":"category-culture-et-divertissement","11":"category-politique","12":"category-societe"},"_links":{"self":[{"href":"https:\/\/djarobi.com\/index.php\/wp-json\/wp\/v2\/posts\/2677","targetHints":{"allow":["GET"]}}],"collection":[{"href":"https:\/\/djarobi.com\/index.php\/wp-json\/wp\/v2\/posts"}],"about":[{"href":"https:\/\/djarobi.com\/index.php\/wp-json\/wp\/v2\/types\/post"}],"author":[{"embeddable":true,"href":"https:\/\/djarobi.com\/index.php\/wp-json\/wp\/v2\/users\/2"}],"replies":[{"embeddable":true,"href":"https:\/\/djarobi.com\/index.php\/wp-json\/wp\/v2\/comments?post=2677"}],"version-history":[{"count":1,"href":"https:\/\/djarobi.com\/index.php\/wp-json\/wp\/v2\/posts\/2677\/revisions"}],"predecessor-version":[{"id":2678,"href":"https:\/\/djarobi.com\/index.php\/wp-json\/wp\/v2\/posts\/2677\/revisions\/2678"}],"wp:featuredmedia":[{"embeddable":true,"href":"https:\/\/djarobi.com\/index.php\/wp-json\/wp\/v2\/media\/2663"}],"wp:attachment":[{"href":"https:\/\/djarobi.com\/index.php\/wp-json\/wp\/v2\/media?parent=2677"}],"wp:term":[{"taxonomy":"category","embeddable":true,"href":"https:\/\/djarobi.com\/index.php\/wp-json\/wp\/v2\/categories?post=2677"},{"taxonomy":"post_tag","embeddable":true,"href":"https:\/\/djarobi.com\/index.php\/wp-json\/wp\/v2\/tags?post=2677"}],"curies":[{"name":"wp","href":"https:\/\/api.w.org\/{rel}","templated":true}]}}