{"id":2644,"date":"2024-08-07T17:42:48","date_gmt":"2024-08-07T17:42:48","guid":{"rendered":"https:\/\/djarobi.com\/?p=2644"},"modified":"2024-08-07T17:42:48","modified_gmt":"2024-08-07T17:42:48","slug":"benin-presidentielle-2026-patrice-talon-etouffe-les-ambitions-et-empeche-le-debat","status":"publish","type":"post","link":"https:\/\/djarobi.com\/index.php\/2024\/08\/07\/benin-presidentielle-2026-patrice-talon-etouffe-les-ambitions-et-empeche-le-debat\/","title":{"rendered":"B\u00e9nin\/Pr\u00e9sidentielle 2026: Patrice Talon \u00e9touffe les ambitions et emp\u00eache le d\u00e9bat"},"content":{"rendered":"<p class=\"p1\">En 2026, le B\u00e9nin pour la premi\u00e8re fois va conna\u00eetre les \u00e9lections g\u00e9n\u00e9rales. Il s\u2019agira notamment des \u00e9lections pr\u00e9sidentielle, l\u00e9gislatives et communales. Et l\u2019\u00e9lection qui focalise plus d\u2019attention et aiguise plus les ambitions de potentiels candidats reste sans nul doute l\u2019\u00e9lection pr\u00e9sidentielle. Et pour cause. En effet, en 2026, l\u2019actuel locataire du palais de la Marina ne sera plus sur la ligne de d\u00e9part. Malgr\u00e9 que Patrice Talon ne soit plus sur le starting-block, il met un veto sur le d\u00e9bat politique et \u00e9touffe les ambitions dans les rangs de ses partisans potentiels candidats \u00e0 l\u2019investiture. Patrice Talon selon ses propres d\u00e9clarations n\u2019est pas d\u2019accord pour une suscitation de candidature au sein de sa majorit\u00e9. Pour lui, les r\u00e9formes du syst\u00e8me partisan n\u2019autorisent pas de telles pratiques. Soit. Seulement, dans les textes r\u00e9gissant la r\u00e9forme du syst\u00e8me partisan, il n\u2019est mentionn\u00e9 nulle part que des groupes de partisans de X ou Y ne peuvent pas susciter leur candidature. Car tout ceci fait partie int\u00e9grante des pratiques d\u00e9mocratiques. Cette position de Patrice Talon fait passer dans la clandestinit\u00e9 tous ceux qui lorgnent le fauteuil pr\u00e9sidentiel dans son camp. Joseph Djogb\u00e9nou ne peut nier aujourd\u2019hui ses ambitions de vouloir porter les couleurs de son parti Union progressiste le Renouveau en 2026. Mais Patrice Talon ne lui permet pas de commencer \u00e0 poser les pas allant dans ce sens. Djogb\u00e9nou qui est le pr\u00e9sident \u00ab d\u00e9l\u00e9gu\u00e9 \u00bb de Up le Renouveau croit encore \u00e0 une providence qui le propulserait candidat de son parti en 2026. A cet effet, \u00e0 moins de 2 ans de la pr\u00e9sidentielle, celui qui se veut \u00eatre l\u2019un des favoris au dauphinat, n\u2019ose pas aborder la question en public. M\u00eame en priv\u00e9 aujourd\u2019hui, Joseph Djogb\u00e9nou tourne sa langue plusieurs fois avant d\u2019en parler juste pour \u00e9viter la col\u00e8re de son chef. En dehors de lui, beaucoup d\u2019autres potentiels candidats \u00e0 l\u2019investiture n\u2019osent pas engager des actions dans ce sens. Des noms comme celui de l\u2019actuel ministre des finances Romuald Wadagni et consorts sont aussi cit\u00e9s.<\/p>\n<p class=\"p1\"><strong><span class=\"s1\">L\u2019opposition, la carte de la prudence <\/span><\/strong><\/p>\n<p class=\"p1\"><span class=\"s1\">L\u2019opposition au r\u00e9gime de la rupture joue la carte de la prudence. Ainsi s\u2019aligne-t-elle au rythme que Patrice Talon impose \u00e0 sa mouvance. Ce qui fait qu\u2019elle ne peut pas \u00e0 la date d\u2019aujourd\u2019hui \u00e0 moins de deux ans de l\u2019\u00e9ch\u00e9ance pr\u00e9sidentielle r\u00e9v\u00e9ler les noms de ses potentiels candidats. En le faisant par ces temps, elle donnerait le pouvoir au r\u00e9gime de la rupture passer champion dans l\u2019exclusion \u00e9lectorale de finir avec eux de la plus belle mani\u00e8re avant 2026. On leur collera de gros dossiers pour les \u00e9carter \u00e0 jamais, ouvrant le boulevard de la tricherie, du tripatouillage, du bourrage des urnes et autres. <\/span><\/p>\n<p class=\"p1\"><span class=\"s1\">Or dans les grands pays de pratiques d\u00e9mocratiques, c\u2019est bien le moment pour les potentiels aspirants \u00e0 la fonction pr\u00e9sidentielle de commencer par d\u00e9voiler leurs ambitions politiques. C\u2019est le moment de commencer par parler du nouveau contrat social avec le peuple. C\u2019est aussi le moment de susciter le d\u00e9bat au sein de chaque formation politique si tant est que la r\u00e9forme du syst\u00e8me partisan vise \u00e0 renforcer les partis politiques. Malheureusement, nous assistons au contraire de ce que d\u00e9clare Patrice Talon du syst\u00e8me partisan. Au cours d\u2019une de ses tonitruantes sorties m\u00e9diatiques, le locataire de la Marina a fait savoir qu\u2019il n\u2019aura pas de d\u00e9bat au sujet de sa succession avant les six derniers mois de son mandat. Alors m\u00eame que les dossiers de candidature doivent \u00eatre d\u00e9pos\u00e9s trois mois avant l\u2019\u00e9lection.<br \/>\n<\/span><\/p>\n<p class=\"p1\"><span class=\"s1\">En clair, les candidats n\u2019auront pas plus que trois mois pour aller vers les populations. C\u2019est une aberration. Patrice Talon affiche sa volont\u00e9 d\u2019organiser une nomination et non une \u00e9lection. A cet il \u00e9touffe la d\u00e9mocratie et les pratiques d\u00e9mocratiques. <\/span><\/p>\n<p class=\"p1\"><span class=\"s1\">F. A.<\/span><\/p>\n","protected":false},"excerpt":{"rendered":"<p>En 2026, le B\u00e9nin pour la premi\u00e8re fois va conna\u00eetre les \u00e9lections g\u00e9n\u00e9rales. Il s\u2019agira notamment des \u00e9lections pr\u00e9sidentielle, l\u00e9gislatives et communales. Et l\u2019\u00e9lection qui focalise plus d\u2019attention et aiguise plus les ambitions de potentiels candidats reste sans nul doute l\u2019\u00e9lection pr\u00e9sidentielle. Et pour cause. En effet, en 2026, l\u2019actuel locataire du palais de la [&hellip;]<\/p>\n","protected":false},"author":2,"featured_media":2530,"comment_status":"open","ping_status":"closed","sticky":false,"template":"","format":"standard","meta":{"content-type":"","footnotes":""},"categories":[2,16,11,15,3],"tags":[],"class_list":{"0":"post-2644","1":"post","2":"type-post","3":"status-publish","4":"format-standard","5":"has-post-thumbnail","7":"category-actualites","8":"category-afrique","9":"category-benin","10":"category-election","11":"category-politique"},"_links":{"self":[{"href":"https:\/\/djarobi.com\/index.php\/wp-json\/wp\/v2\/posts\/2644","targetHints":{"allow":["GET"]}}],"collection":[{"href":"https:\/\/djarobi.com\/index.php\/wp-json\/wp\/v2\/posts"}],"about":[{"href":"https:\/\/djarobi.com\/index.php\/wp-json\/wp\/v2\/types\/post"}],"author":[{"embeddable":true,"href":"https:\/\/djarobi.com\/index.php\/wp-json\/wp\/v2\/users\/2"}],"replies":[{"embeddable":true,"href":"https:\/\/djarobi.com\/index.php\/wp-json\/wp\/v2\/comments?post=2644"}],"version-history":[{"count":2,"href":"https:\/\/djarobi.com\/index.php\/wp-json\/wp\/v2\/posts\/2644\/revisions"}],"predecessor-version":[{"id":2646,"href":"https:\/\/djarobi.com\/index.php\/wp-json\/wp\/v2\/posts\/2644\/revisions\/2646"}],"wp:featuredmedia":[{"embeddable":true,"href":"https:\/\/djarobi.com\/index.php\/wp-json\/wp\/v2\/media\/2530"}],"wp:attachment":[{"href":"https:\/\/djarobi.com\/index.php\/wp-json\/wp\/v2\/media?parent=2644"}],"wp:term":[{"taxonomy":"category","embeddable":true,"href":"https:\/\/djarobi.com\/index.php\/wp-json\/wp\/v2\/categories?post=2644"},{"taxonomy":"post_tag","embeddable":true,"href":"https:\/\/djarobi.com\/index.php\/wp-json\/wp\/v2\/tags?post=2644"}],"curies":[{"name":"wp","href":"https:\/\/api.w.org\/{rel}","templated":true}]}}