{"id":2641,"date":"2024-08-06T15:20:14","date_gmt":"2024-08-06T15:20:14","guid":{"rendered":"https:\/\/djarobi.com\/?p=2641"},"modified":"2024-08-06T15:20:14","modified_gmt":"2024-08-06T15:20:14","slug":"etats-unis-presidentielle-americaine-tim-walz-choisi-comme-colistier-par-kamala-harris","status":"publish","type":"post","link":"https:\/\/djarobi.com\/index.php\/2024\/08\/06\/etats-unis-presidentielle-americaine-tim-walz-choisi-comme-colistier-par-kamala-harris\/","title":{"rendered":"Etats-Unis\/Pr\u00e9sidentielle am\u00e9ricaine : Tim Walz choisi comme colistier par Kamala Harris"},"content":{"rendered":"<p class=\"p1\">Le gouverneur du Minnesota a \u00e9t\u00e9 d\u00e9sign\u00e9, ce mardi 6 ao\u00fbt, par la candidate d\u00e9mocrate \u00e0 la pr\u00e9sidentielle du 5 novembre prochain pour \u00eatre son futur vice-pr\u00e9sident.<\/p>\n<p class=\"p1\"><span class=\"s2\">Kamala Harris a jet\u00e9 son d\u00e9volu sur Tim Walz, actuel gouverneur du Minnesota, pour devenir son futur vice-pr\u00e9sident en cas de victoire \u00e0 l\u2019\u00e9lection pr\u00e9sidentielle am\u00e9ricaine. Il a \u00e9t\u00e9 choisi <a href=\"https:\/\/www.liberation.fr\/international\/amerique\/presidentielle-americaine-qui-sont-les-cinq-candidats-a-la-vice-presidence-de-kamala-harris-20240805_6KDPPYCZEFEE3HJB4VV32QGDXI\/\"><span class=\"s3\">au profit de quatre autres candidats<\/span><\/a> \u00e0 ce poste, pour tenter de battre Donald Trump le 5 novembre prochain.<\/span><\/p>\n<p class=\"p1\"><span class=\"s2\">Pour avoir d\u2019abord pass\u00e9 douze ans au Congr\u00e8s, le gouverneur d\u00e9mocrate de l\u2019Etat du Minnesota a d\u00e9j\u00e0 pu jauger l\u2019effet de ses mani\u00e8res d\u00e9bonnaires du Midwest dans les arcanes de Washington. Ancien enseignant et entra\u00eeneur de football am\u00e9ricain, haut grad\u00e9 de la r\u00e9serve militaire nationale et membre de la fameuse National Rifle Association, le lobby des porteurs d\u2019armes, Tim Walz, 60 ans, b\u00e9n\u00e9ficie de la mansu\u00e9tude de nombre d\u2019\u00e9lecteurs conservateurs, en d\u00e9pit de ses politiques progressistes de ferme soutien au droit \u00e0 l\u2019avortement et de d\u00e9fense des aides sociales locales, comme les d\u00e9jeuners gratuits pour les enfants des \u00e9coles.<\/span><\/p>\n<p class=\"p1\"><span class=\"s2\">Alors que Trump entend s\u2019arroger cet Etat pivot d\u00e9cisif, ce sexag\u00e9naire mature et fort en gueule pourrait assur\u00e9ment en remontrer dans les d\u00e9bats de campagne face <a href=\"https:\/\/www.liberation.fr\/international\/amerique\/jd-vance-le-vp-de-trump-itineraire-dun-repenti-20240716_QY7VG55ECRH7PFYQWVOIGTVUDY\/?redirected=1\"><span class=\"s3\">au candidat vice-pr\u00e9sident J. D. Vance<\/span><\/a> qui vante son enfance h\u00e9ro\u00efque dans l\u2019Ohio. Walz a d\u00e9j\u00e0 mis en rage le camp Trump en d\u00e9crivant r\u00e9cemment le \u00abticket\u00bb r\u00e9publicain comme \u00abbizarre\u00bb, un qualificatif d\u2019ordinaire inflig\u00e9 aux d\u00e9mocrates par la droite, aujourd\u2019hui retourn\u00e9 \u00e0 l\u2019envoyeur et massivement repris sur les r\u00e9seaux sociaux, comme dans les discours de campagne de Kamala Harris. <\/span><\/p>\n<p class=\"p1\"><span class=\"s2\">Source: Lib\u00e9ration<\/span><\/p>\n","protected":false},"excerpt":{"rendered":"<p>Le gouverneur du Minnesota a \u00e9t\u00e9 d\u00e9sign\u00e9, ce mardi 6 ao\u00fbt, par la candidate d\u00e9mocrate \u00e0 la pr\u00e9sidentielle du 5 novembre prochain pour \u00eatre son futur vice-pr\u00e9sident. Kamala Harris a jet\u00e9 son d\u00e9volu sur Tim Walz, actuel gouverneur du Minnesota, pour devenir son futur vice-pr\u00e9sident en cas de victoire \u00e0 l\u2019\u00e9lection pr\u00e9sidentielle am\u00e9ricaine. Il a [&hellip;]<\/p>\n","protected":false},"author":2,"featured_media":2642,"comment_status":"open","ping_status":"closed","sticky":false,"template":"","format":"standard","meta":{"content-type":"","footnotes":""},"categories":[2,16,11,15,3],"tags":[],"class_list":{"0":"post-2641","1":"post","2":"type-post","3":"status-publish","4":"format-standard","5":"has-post-thumbnail","7":"category-actualites","8":"category-afrique","9":"category-benin","10":"category-election","11":"category-politique"},"_links":{"self":[{"href":"https:\/\/djarobi.com\/index.php\/wp-json\/wp\/v2\/posts\/2641","targetHints":{"allow":["GET"]}}],"collection":[{"href":"https:\/\/djarobi.com\/index.php\/wp-json\/wp\/v2\/posts"}],"about":[{"href":"https:\/\/djarobi.com\/index.php\/wp-json\/wp\/v2\/types\/post"}],"author":[{"embeddable":true,"href":"https:\/\/djarobi.com\/index.php\/wp-json\/wp\/v2\/users\/2"}],"replies":[{"embeddable":true,"href":"https:\/\/djarobi.com\/index.php\/wp-json\/wp\/v2\/comments?post=2641"}],"version-history":[{"count":1,"href":"https:\/\/djarobi.com\/index.php\/wp-json\/wp\/v2\/posts\/2641\/revisions"}],"predecessor-version":[{"id":2643,"href":"https:\/\/djarobi.com\/index.php\/wp-json\/wp\/v2\/posts\/2641\/revisions\/2643"}],"wp:featuredmedia":[{"embeddable":true,"href":"https:\/\/djarobi.com\/index.php\/wp-json\/wp\/v2\/media\/2642"}],"wp:attachment":[{"href":"https:\/\/djarobi.com\/index.php\/wp-json\/wp\/v2\/media?parent=2641"}],"wp:term":[{"taxonomy":"category","embeddable":true,"href":"https:\/\/djarobi.com\/index.php\/wp-json\/wp\/v2\/categories?post=2641"},{"taxonomy":"post_tag","embeddable":true,"href":"https:\/\/djarobi.com\/index.php\/wp-json\/wp\/v2\/tags?post=2641"}],"curies":[{"name":"wp","href":"https:\/\/api.w.org\/{rel}","templated":true}]}}