{"id":2620,"date":"2024-08-02T07:39:49","date_gmt":"2024-08-02T07:39:49","guid":{"rendered":"https:\/\/djarobi.com\/?p=2620"},"modified":"2024-08-02T07:39:49","modified_gmt":"2024-08-02T07:39:49","slug":"celebration-du-1er-aout-2024-les-beninois-dans-lindifference","status":"publish","type":"post","link":"https:\/\/djarobi.com\/index.php\/2024\/08\/02\/celebration-du-1er-aout-2024-les-beninois-dans-lindifference\/","title":{"rendered":"C\u00e9l\u00e9bration du 1er ao\u00fbt 2024: Les b\u00e9ninois dans l\u2019indiff\u00e9rence"},"content":{"rendered":"<p class=\"p1\">Hier jeudi 1er ao\u00fbt, le B\u00e9nin comm\u00e9morait le 64 \u00e8me anniversaire de son ind\u00e9pendance. Cette manifestation s\u2019est d\u00e9roul\u00e9e dans l\u2019indiff\u00e9rence totale des B\u00e9ninois comme c\u2019est le cas d\u2019ailleurs depuis 2016. Et ceci pour cause. Aujourd\u2019hui les B\u00e9ninois ploient sous le poids de la chert\u00e9 des produits de grande consommation. Malgr\u00e9 leur cri de c\u0153ur, le gouvernement de la rupture est incapable de prendre des mesures fortes pour juguler la crise et se contente de claironner que \u00ab le B\u00e9nin n\u2019est pas le seul dans le cas \u00bb. Mais fait semblant d\u2019oublier que dans les autres pays, les gouvernements ont pris des mesures fortes. Quid du B\u00e9nin? A cette difficult\u00e9 de s\u2019offrir deux repas chauds par jour, les b\u00e9ninois doivent faire face \u00e0 de nombreuses taxes cr\u00e9\u00e9es par le gouvernement de la rupture, sans oublier les licenciements sauvages suite au bradage des soci\u00e9t\u00e9s d\u2019Etat qui pourtant prosp\u00e9raient. Aussi faut-il passer sous silence les tensions politiques couronn\u00e9es par les d\u00e9tenus politiques que des voix s\u2019\u00e9l\u00e8vent de plus en plus pour exiger leur lib\u00e9ration. Ce tableau sombre pousse alors les b\u00e9ninois \u00e0 la r\u00e9signation attendant 2026 pour pour prendre leur revanche.<\/p>\n<p class=\"p1\"><strong><span class=\"s1\">Soglo et Yayi absents <\/span><\/strong><\/p>\n<p class=\"p1\"><span class=\"s1\"><img loading=\"lazy\" loading=\"lazy\" decoding=\"async\" class=\"alignnone size-full wp-image-2623\" src=\"https:\/\/djarobi.com\/wp-content\/uploads\/2024\/08\/IMG_0550.jpeg\" alt=\"\" width=\"160\" height=\"160\" srcset=\"https:\/\/djarobi.com\/wp-content\/uploads\/2024\/08\/IMG_0550.jpeg 160w, https:\/\/djarobi.com\/wp-content\/uploads\/2024\/08\/IMG_0550-150x150.jpeg 150w\" sizes=\"auto, (max-width: 160px) 100vw, 160px\" \/>Les manifesta<\/span>tions comm\u00e9moratives de la f\u00eate de l\u2019ind\u00e9pendance auraient pu avoir un cachet s\u2019il avait dans la tribune of<span class=\"s1\">ficielle certaines autorit\u00e9s<\/span><\/p>\n<p class=\"p1\"><span class=\"s1\">politiques qui avaient exer<\/span>c\u00e9 le pouvoir d\u2019\u00c9tat. Mais pendant toute la c\u00e9r\u00e9monie marqu\u00e9e par la parade mili-<\/p>\n<p class=\"p1\"><span class=\"s1\">taire et paramilitaire, les po<\/span><span class=\"s1\">pulations b\u00e9ninoises sont <\/span>rest\u00e9es sur leur faim. Elles ont promen\u00e9 en vain leur regard dans la tribune offi<span class=\"s1\">cielle sans avoir d\u00e9couvert <\/span>des yeux les anciens pr\u00e9<span class=\"s1\">sidents Nic\u00e9phore Soglo <\/span><span class=\"s1\">et Yayi Boni. Les quelques membres <\/span>de l\u2019opposition aper\u00e7us peuvent \u00eatre compt\u00e9s au <span class=\"s1\">bout des doigts. Eric Houn<\/span>d\u00e9t\u00e9 et Nour\u00e9nou Atchad\u00e9 (en service minimum). Des absences importantes qui ont compl\u00e8tement g\u00e2-<\/p>\n<p class=\"p1\"><span class=\"s1\">ch\u00e9 la f\u00eate si s\u2019en \u00e9tait vraiment une. Si on peut com<\/span>prendre le boycott syst\u00e9matique du reste des d\u00e9put\u00e9s <span class=\"s1\">de la gauche b\u00e9ninoise, <\/span>on devrait tout au moins voir aux c\u00f4t\u00e9s du pr\u00e9sident Patrice Talon, ses pr\u00e9d\u00e9cesseurs, notamment les anciens chefs d\u2019\u00c9tat Ni<span class=\"s1\">c\u00e9phore Soglo et Yayi Boni. <\/span>Ceci, parce que depuis un moment, on a senti un petit rapprochement entre l\u2019ac<span class=\"s1\">tuel locataire de la Marina <\/span>et ceux qui l\u2019ont devanc\u00e9 dans l\u2019exercice de la fonc<span class=\"s1\">tion pr\u00e9sidentielle. Pour <\/span>avoir entrepris une m\u00e9dia<span class=\"s1\">tion dans le dossier de pi<\/span><span class=\"s1\">peline B\u00e9nin-Niger, les an<\/span>ciens pr\u00e9sidents Nic\u00e9phore Soglo et Yayi Boni ont montr\u00e9 que pour les questions d\u2019int\u00e9r\u00eat national, ils sont pr\u00eats \u00e0 faire le sacrifice n\u00e9cessaire, \u00e0 mettre de c\u00f4t\u00e9 les querelles politiques, pour r\u00e9aliser l\u2019union sacr\u00e9e.<\/p>\n<p class=\"p1\"><span class=\"s1\">Mais dans le cadre <\/span><span class=\"s1\">de la c\u00e9l\u00e9bration du 64\u00e8me <\/span>anniversaire de l\u2019ind\u00e9pen<span class=\"s1\">dance du B\u00e9nin, cette so<\/span><span class=\"s1\">lidarit\u00e9 nationale ne s\u2019est <\/span>pas manifest\u00e9e. On gardera longtemps dans les archives nationales que <span class=\"s1\">l\u2019\u00e9dition 2024 des manifes<\/span>tations comm\u00e9moratives du 1er ao\u00fbt ont vu l\u2019absence de ces deux grands chefs <span class=\"s1\">d\u2019\u00c9tat qui ont servi le pays <\/span>dans les r\u00e8gles strictes des acquis de la d\u00e9mocratie b\u00e9ninoise. Nul doute que<\/p>\n<p class=\"p1\"><span class=\"s1\">le pr\u00e9sident Patrice Talon a <\/span>tent\u00e9 de les convaincre, en<span class=\"s1\">core que dans la tribune of<\/span>ficielle, il n\u2019y a aucun invit\u00e9<\/p>\n<p class=\"p1\"><span class=\"s1\">de marque. La faute sans <\/span>doute \u00e0 l\u2019appel au boycott de l\u2019opposition et les forces vives, lanc\u00e9 \u00e0 la veille de cette f\u00eate par l\u2019ambassadeur Omar Arouna. Un mot d\u2019ordre largement suivi, <span class=\"s1\">puisque les manifestations <\/span>officielles de la c\u00e9l\u00e9bration de ce 64\u00e8me anniversaire de l\u2019ind\u00e9pendance du B\u00e9<span class=\"s1\">nin ont \u00e9t\u00e9 orphelines de <\/span>la classe politique de l\u2019opposition repr\u00e9sent\u00e9e par 28 d\u00e9put\u00e9s \u00e0 l\u2019Assembl\u00e9e nationale. Preuve que les populations, \u00e0 travers ces 28 d\u00e9put\u00e9s et, dans une <span class=\"s1\">certaine mesure, les an<\/span><span class=\"s1\">ciens pr\u00e9sidents Nic\u00e9phore <\/span>Soglo et Yayi Boni, n\u2019approuvent pas le mode de gouvernance actuel dans le pays et incarn\u00e9e par le pr\u00e9sident Patrice Talon.<\/p>\n<p class=\"p1\"><strong><span class=\"s1\">La brutalit\u00e9 des d\u00e9cisions gouvernementales <\/span><\/strong><\/p>\n<p class=\"p1\"><span class=\"s1\">Une gouvernance par em<\/span><span class=\"s1\">buscade et catastrophique, brutale, anti-sociale <\/span>bas\u00e9e sur la division et l\u2019exclusion et qui ne peu <span class=\"s1\">jamais conduire \u00e0 la coh\u00e9<\/span>sion nationale et la stabilit\u00e9 <span class=\"s1\">politique. \u00c0 la veille de cette <\/span>c\u00e9l\u00e9bration, le parti LD a enfourch\u00e9 la m\u00eame trompette que l\u2019ambassadeur<\/p>\n<p class=\"p1\"><span class=\"s1\">Omar Arouna en exigeant <\/span>la lib\u00e9ration des d\u00e9tenus politiques en l\u2019occurrence,<\/p>\n<p class=\"p1\"><span class=\"s1\">Jo\u00ebl A\u00efvo et Reckya Ma<\/span><span class=\"s1\">dougou et le retour de tous <\/span>les exil\u00e9s politiques. Un appel qui restera vain puisque <span class=\"s1\">la gr\u00e2ce pr\u00e9sidentielle long<\/span>temps attendue de Patrice Talon restera sans suite. <span class=\"s1\">La prise en otage des ins<\/span><span class=\"s1\">titutions de la R\u00e9publique , <\/span><span class=\"s1\">la libert\u00e9 d\u2019expression et<\/span><\/p>\n<p class=\"p1\"><span class=\"s1\">autres sont autant de griefs <\/span>de l\u2019opposition contre le r\u00e9gime actuel. Ce qui explique son absence au<\/p>\n<p class=\"p1\"><span class=\"s1\">d\u00e9fil\u00e9 de ce 1er ao\u00fbt \u00e0 la <\/span><span class=\"s1\">place Amazone. Ceci, pour <\/span>d\u00e9noncer la gouvernance du pr\u00e9sident Patrice Talon.<\/p>\n<p class=\"p1\"><span class=\"s1\">Le 64\u00e8me anniversaire de <\/span>l\u2019accession du B\u00e9nin \u00e0 la souverainet\u00e9 nationale c\u00e9<span class=\"s1\">l\u00e9br\u00e9 ce jeudi 1er ao\u00fbt 2024 <\/span><span class=\"s1\">a laiss\u00e9 un arri\u00e8re-go\u00fbt tr\u00e8s <\/span>amer, du fait de l\u2019absence des anciens chefs d\u2019\u00c9tat Nic\u00e9phore Soglo et Yayi Boni ainsi que de l\u2019opposi<span class=\"s1\">tion aux manifestations <span class=\"Apple-converted-space\">\u00a0 \u00a0 \u00a0 \u00a0 \u00a0 \u00a0 \u00a0 \u00a0 <\/span>officielles. <\/span><\/p>\n<p class=\"p1\"><span class=\"s1\">Une c\u00e9l\u00e9bration dans l\u2019indiff\u00e9rence totale des b\u00e9ninois, une manifesta<\/span><span class=\"s1\">tion vite oubli\u00e9e parce que <\/span>sans go\u00fbt ni saveur et donc sans grande attraction. Les signes \u00e9vidents d\u2019une fin de mandat apocalyptique pour le r\u00e9gime dit de la rupture.<\/p>\n<p class=\"p1\"><span class=\"s1\">F. A.<\/span><\/p>\n","protected":false},"excerpt":{"rendered":"<p>Hier jeudi 1er ao\u00fbt, le B\u00e9nin comm\u00e9morait le 64 \u00e8me anniversaire de son ind\u00e9pendance. Cette manifestation s\u2019est d\u00e9roul\u00e9e dans l\u2019indiff\u00e9rence totale des B\u00e9ninois comme c\u2019est le cas d\u2019ailleurs depuis 2016. Et ceci pour cause. Aujourd\u2019hui les B\u00e9ninois ploient sous le poids de la chert\u00e9 des produits de grande consommation. Malgr\u00e9 leur cri de c\u0153ur, le [&hellip;]<\/p>\n","protected":false},"author":2,"featured_media":2622,"comment_status":"open","ping_status":"closed","sticky":false,"template":"","format":"standard","meta":{"content-type":"","footnotes":""},"categories":[2,16,11,3,8],"tags":[],"class_list":{"0":"post-2620","1":"post","2":"type-post","3":"status-publish","4":"format-standard","5":"has-post-thumbnail","7":"category-actualites","8":"category-afrique","9":"category-benin","10":"category-politique","11":"category-societe"},"_links":{"self":[{"href":"https:\/\/djarobi.com\/index.php\/wp-json\/wp\/v2\/posts\/2620","targetHints":{"allow":["GET"]}}],"collection":[{"href":"https:\/\/djarobi.com\/index.php\/wp-json\/wp\/v2\/posts"}],"about":[{"href":"https:\/\/djarobi.com\/index.php\/wp-json\/wp\/v2\/types\/post"}],"author":[{"embeddable":true,"href":"https:\/\/djarobi.com\/index.php\/wp-json\/wp\/v2\/users\/2"}],"replies":[{"embeddable":true,"href":"https:\/\/djarobi.com\/index.php\/wp-json\/wp\/v2\/comments?post=2620"}],"version-history":[{"count":1,"href":"https:\/\/djarobi.com\/index.php\/wp-json\/wp\/v2\/posts\/2620\/revisions"}],"predecessor-version":[{"id":2624,"href":"https:\/\/djarobi.com\/index.php\/wp-json\/wp\/v2\/posts\/2620\/revisions\/2624"}],"wp:featuredmedia":[{"embeddable":true,"href":"https:\/\/djarobi.com\/index.php\/wp-json\/wp\/v2\/media\/2622"}],"wp:attachment":[{"href":"https:\/\/djarobi.com\/index.php\/wp-json\/wp\/v2\/media?parent=2620"}],"wp:term":[{"taxonomy":"category","embeddable":true,"href":"https:\/\/djarobi.com\/index.php\/wp-json\/wp\/v2\/categories?post=2620"},{"taxonomy":"post_tag","embeddable":true,"href":"https:\/\/djarobi.com\/index.php\/wp-json\/wp\/v2\/tags?post=2620"}],"curies":[{"name":"wp","href":"https:\/\/api.w.org\/{rel}","templated":true}]}}