{"id":2616,"date":"2024-07-31T08:54:34","date_gmt":"2024-07-31T08:54:34","guid":{"rendered":"https:\/\/djarobi.com\/?p=2616"},"modified":"2024-07-31T08:54:34","modified_gmt":"2024-07-31T08:54:34","slug":"moyen-orient-le-chef-du-hamas-ismail-haniyeh-tue-a-teheran-en-iran","status":"publish","type":"post","link":"https:\/\/djarobi.com\/index.php\/2024\/07\/31\/moyen-orient-le-chef-du-hamas-ismail-haniyeh-tue-a-teheran-en-iran\/","title":{"rendered":"Moyen-orient : Le chef du Hamas Ismail Haniyeh tu\u00e9 a T\u00e9h\u00e9ran en Iran"},"content":{"rendered":"<p class=\"p1\">Le mouvement islamiste palestinien Hamas a affirm\u00e9 mercredi qu&rsquo;une frappe isra\u00e9lienne \u00e0 T\u00e9h\u00e9ran avait tu\u00e9 son chef <a href=\"https:\/\/www.rfi.fr\/fr\/tag\/isma%C3%AFl-haniyeh\/\"><span class=\"s2\">Isma\u00efl Haniyeh<\/span><\/a>. \u00ab (Notre) fr\u00e8re, le dirigeant, le mujahid Isma\u00efl Haniyeh, le chef du mouvement, est mort dans un raid sioniste contre sa r\u00e9sidence \u00e0 T\u00e9h\u00e9ran apr\u00e8s sa participation \u00e0 l&rsquo;investiture du nouveau pr\u00e9sident\u00a0\u00bb iranien, a \u00e9crit le Hamas dans un communiqu\u00e9. \u00ab C\u2019est un acte l\u00e2che qui ne restera pas sans r\u00e9ponse\u00a0\u00bb, a d\u00e9clar\u00e9 Moussa Abou Marzouk, un membre du bureau politique du Hamas.<\/p>\n<p class=\"p1\"><span class=\"s1\">Les Gardiens de la R\u00e9volution ont annonc\u00e9 pour leur part que \u00ab la r\u00e9sidence d&rsquo;Isma\u00efl Haniyeh, chef du bureau politique de la r\u00e9sistance islamique du Hamas, a \u00e9t\u00e9 touch\u00e9e \u00e0 T\u00e9h\u00e9ran, et (&#8230;) lui et l&rsquo;un de ses gardes du corps sont morts en martyrs \u00bb, selon un communiqu\u00e9 sur leur site d&rsquo;information Sepah. Et selon plusieurs m\u00e9dias iraniens,Haniyeh a \u00ab\u00a0\u00e9t\u00e9 tu\u00e9 par un projectile a\u00e9rien \u00bb.<\/span><\/p>\n<p class=\"p1\"><span class=\"s1\">Le pr\u00e9sident de l&rsquo;Autorit\u00e9 palestinienne, Mahmoud Abbas, a condamn\u00e9 le \u00ab\u00a0l\u00e2che assassinat\u00a0\u00bb du chef politique du Hamas et appel\u00e9 les Palestiniens \u00e0\u00a0 \u00ab \u00e0 s&rsquo;unir, \u00e0 faire preuve de patience et de fermet\u00e9 face \u00e0 l&rsquo;occupation isra\u00e9lienne \u00bb. \u00ab\u00a0Le pr\u00e9sident de l&rsquo;\u00c9tat de Palestine, Mahmoud Abbas, a fermement condamn\u00e9 l&rsquo;assassinat du chef du Hamas, Isma\u00efl Haniyeh, qu&rsquo;il consid\u00e8re comme un acte l\u00e2che et une grave escalade\u00a0\u00bb, a d\u00e9clar\u00e9 le bureau de M. Abbas dans un communiqu\u00e9.<\/span><\/p>\n<p class=\"p1\"><span class=\"s1\">L&rsquo;Iran \u00ab\u00a0va faire regretter les occupants terroristes pour cet acte l\u00e2che contre l&rsquo;int\u00e9grit\u00e9 territoriale de la R\u00e9publique islamique d&rsquo;Iran\u00a0\u00bb vient d&rsquo;affirmer le pr\u00e9sident iranien en ajoutant que \u00ab\u00a0les liens entre l&rsquo;Iran et la Palestine et la voie de la r\u00e9sistance (face \u00e0 Isra\u00ebl) seront renforc\u00e9s\u00a0\u00bb. L&rsquo;Iran a d\u00e9j\u00e0 frapp\u00e9 Isra\u00ebl en lan\u00e7ant pr\u00e8s de <a href=\"https:\/\/www.rfi.fr\/fr\/moyen-orient\/20240413-direct-isra%C3%ABl-se-pr%C3%A9pare-%C3%A0-intercepter-une-attaque-de-drones-iraniens\"><span class=\"s2\">300 drones et missiles contre contre Isra\u00ebl<\/span><\/a> lorsqu&rsquo;un consulat iranien \u00e0 Damas avait \u00e9t\u00e9 frapp\u00e9 par une attaque isra\u00e9lienne. Donc, il faut s&rsquo;attendre \u00e0 une r\u00e9action tr\u00e8s dure de l&rsquo;Iran, dans les prochaines heures ou dans les prochains jours, estime notre correspondant \u00e0 T\u00e9h\u00e9ran, <\/span><span class=\"s2\">Siavosh Ghazi.<\/span><\/p>\n<p class=\"p3\"><span class=\"s3\">Isra\u00ebl voulait frapper \u00ab\u00a0la t\u00eate du serpent\u00a0\u00bb<\/span><\/p>\n<p class=\"p1\"><span class=\"s1\">Les autorit\u00e9s isra\u00e9liennes n&rsquo;ont pas r\u00e9agi. Face aux nombreux fronts qui se sont ouverts dans le conflit, Isra\u00ebl avait d\u00e9j\u00e0 indiqu\u00e9 vouloir frapper \u00ab\u00a0la t\u00eate du serpent\u00a0\u00bb, soit les principales capitales de l&rsquo;axe de la r\u00e9sistance. Ce dernier groupe comprend l&rsquo;Iran, la Syrie, le Hamas, le Jihad islamique, le Hezbollah libanais ou encore les Houthis au Y\u00e9men.<\/span><\/p>\n<p class=\"p1\"><span class=\"s2\">Am\u00e9lie Ferey, chercheuse de l&rsquo;Institut fran\u00e7ais des relations internationales (Ifri)<\/span><\/p>\n<p class=\"p1\"><span class=\"s1\">Isra\u00ebl ne confirme jamais ce type d&rsquo;attaque, mais on a quand m\u00eame deux ministres isra\u00e9liens qui ont post\u00e9 des messages sur X et par ailleurs Isma\u00efl Haniyeh \u00e9tait depuis tr\u00e8s longtemps affich\u00e9 comme une cible pour Isra\u00ebl.<\/span><\/p>\n<p class=\"p1\"><span class=\"s1\">Isma\u00efl Haniyeh &#8211; tout comme les principaux responsables de l&rsquo;axe de la r\u00e9sistance &#8211; s&rsquo;\u00e9tait rendu \u00e0 T\u00e9h\u00e9ran pour assister mardi \u00e0 la prestation de serment du nouveau pr\u00e9sident iranien <a href=\"https:\/\/www.rfi.fr\/fr\/moyen-orient\/20240730-iran-le-nouveau-pr%C3%A9sident-massoud-pezeshkian-pr%C3%AAte-serment-et-r%C3%A9affirme-son-soutien-aux-palestiniens\"><span class=\"s2\">Massoud Pezeshkian<\/span><\/a> devant le Parlement. L&rsquo;Iran, alli\u00e9 du Hamas, ne reconna\u00eet pas l&rsquo;\u00c9tat isra\u00e9lien et a fait du soutien \u00e0 la cause palestinienne un \u00e9l\u00e9ment central de sa politique \u00e9trang\u00e8re depuis la R\u00e9volution islamique de 1979.<\/span><\/p>\n<p class=\"p1\"><span class=\"s1\">Lors de son discours d&rsquo;investiture mardi, Massoud Pezeshkian a d\u00e9nonc\u00e9 les \u00ab\u00a0crimes\u00a0\u00bb d&rsquo;Isra\u00ebl dans le territoire palestinien, tandis que des Iraniens pr\u00e9sents \u00e0 la c\u00e9r\u00e9monie scandaient \u00ab Mort \u00e0 Isra\u00ebl! Mort \u00e0 l&rsquo;Am\u00e9rique!\u00a0\u00bb.<\/span><\/p>\n<p class=\"p3\"><span class=\"s3\">Isma\u00efl Haniyeh, figure embl\u00e9matique du Hamas<\/span><\/p>\n<p class=\"p1\"><span class=\"s1\">Le chef politique du Hamas, mort \u00e0 l&rsquo;\u00e2ge de 61 ans, est n\u00e9 dans le camp palestinien d\u2019al-Shati, dans la bande de Gaza. Il devient rapidement un militant politique apr\u00e8s avoir \u00e9tudi\u00e9 la litt\u00e9rature arabe \u00e0 l\u2019universit\u00e9 islamique de Gaza. D\u00e8s la cr\u00e9ation du Hamas, en 1987, apr\u00e8s la premi\u00e8re antifada, il rejoint ce nouveau mouvement islamiste et nationaliste. Arr\u00eat\u00e9 et emprisonn\u00e9 en 1989, Isma\u00efl Haniyeh est expuls\u00e9 au Liban en 1992.<\/span><\/p>\n<p class=\"p1\"><span class=\"s1\">De retour dans la bande de Gaza un an plus tard, il est nomm\u00e9 secr\u00e9taire du chef spirituel du Hamas, Ahmed Yassine, assassin\u00e9 en 2004 par l&rsquo;arm\u00e9e isra\u00e9lienne. C\u2019est alors qu\u2019il devient une personnalit\u00e9 incontournable et sous sa houlette, le Hamas change de cap et s\u2019int\u00e8gre \u00e0 la vie politique. R\u00e9sultat : le mouvement remporte les \u00e9lections l\u00e9gislatives de 2006. Isma\u00efl Haniyeh est nomm\u00e9 Premier ministre de l\u2019Autorit\u00e9 palestinienne, un poste qu\u2019il va occuper jusqu\u2019en 2014.<\/span><\/p>\n<p class=\"p1\"><span class=\"s1\">Dirigeant de l\u2019ombre de la bande de Gaza jusqu\u2019en 2017, il devient deux ans plus tard le chef du bureau politique du Hamas. Consid\u00e9r\u00e9 comme l&rsquo;un des leaders les plus pragmatiques du mouvement, il \u00e9tait tr\u00e8s populaire chez les Palestiniens. Exil\u00e9 volontairement au Qatar depuis 2019, Isma\u00efl Haniyeh a vu depuis <a href=\"https:\/\/www.rfi.fr\/fr\/podcasts\/g%C3%A9opolitique\/20240518-isra%C3%ABl-hamas-comment-sortir-de-la-logique-de-guerre\"><span class=\"s2\">l\u2019attaque terroriste du Hamas du 7 octobre 2023<\/span><\/a> de nombreux membres de sa famille tu\u00e9s lors des op\u00e9rations men\u00e9es par l\u2019arm\u00e9e isra\u00e9lienne, qui consid\u00e8re le Hamas comme une organisation terroriste. En avril, trois de ses fils, quatre de ses petits-enfants avaient p\u00e9ri dans une frappe isra\u00e9lienne sur Gaza, rappelle notre correspondante \u00e0 J\u00e9rusalem, <\/span><span class=\"s2\">Alice Froussard<\/span><span class=\"s1\">. Le 25 juin, c\u2019est une autre frappe de l\u2019arm\u00e9e isra\u00e9lienne sur un camp de r\u00e9fugi\u00e9s de Gazaouis qui avait tu\u00e9 dix membres de sa famille.<\/span><\/p>\n<p>&nbsp;<\/p>\n<p>RFI<\/p>\n","protected":false},"excerpt":{"rendered":"<p>Le mouvement islamiste palestinien Hamas a affirm\u00e9 mercredi qu&rsquo;une frappe isra\u00e9lienne \u00e0 T\u00e9h\u00e9ran avait tu\u00e9 son chef Isma\u00efl Haniyeh. \u00ab (Notre) fr\u00e8re, le dirigeant, le mujahid Isma\u00efl Haniyeh, le chef du mouvement, est mort dans un raid sioniste contre sa r\u00e9sidence \u00e0 T\u00e9h\u00e9ran apr\u00e8s sa participation \u00e0 l&rsquo;investiture du nouveau pr\u00e9sident\u00a0\u00bb iranien, a \u00e9crit le [&hellip;]<\/p>\n","protected":false},"author":2,"featured_media":2617,"comment_status":"open","ping_status":"closed","sticky":false,"template":"","format":"standard","meta":{"content-type":"","footnotes":""},"categories":[2,16,5,3],"tags":[],"class_list":{"0":"post-2616","1":"post","2":"type-post","3":"status-publish","4":"format-standard","5":"has-post-thumbnail","7":"category-actualites","8":"category-afrique","9":"category-diplomatie","10":"category-politique"},"_links":{"self":[{"href":"https:\/\/djarobi.com\/index.php\/wp-json\/wp\/v2\/posts\/2616","targetHints":{"allow":["GET"]}}],"collection":[{"href":"https:\/\/djarobi.com\/index.php\/wp-json\/wp\/v2\/posts"}],"about":[{"href":"https:\/\/djarobi.com\/index.php\/wp-json\/wp\/v2\/types\/post"}],"author":[{"embeddable":true,"href":"https:\/\/djarobi.com\/index.php\/wp-json\/wp\/v2\/users\/2"}],"replies":[{"embeddable":true,"href":"https:\/\/djarobi.com\/index.php\/wp-json\/wp\/v2\/comments?post=2616"}],"version-history":[{"count":1,"href":"https:\/\/djarobi.com\/index.php\/wp-json\/wp\/v2\/posts\/2616\/revisions"}],"predecessor-version":[{"id":2618,"href":"https:\/\/djarobi.com\/index.php\/wp-json\/wp\/v2\/posts\/2616\/revisions\/2618"}],"wp:featuredmedia":[{"embeddable":true,"href":"https:\/\/djarobi.com\/index.php\/wp-json\/wp\/v2\/media\/2617"}],"wp:attachment":[{"href":"https:\/\/djarobi.com\/index.php\/wp-json\/wp\/v2\/media?parent=2616"}],"wp:term":[{"taxonomy":"category","embeddable":true,"href":"https:\/\/djarobi.com\/index.php\/wp-json\/wp\/v2\/categories?post=2616"},{"taxonomy":"post_tag","embeddable":true,"href":"https:\/\/djarobi.com\/index.php\/wp-json\/wp\/v2\/tags?post=2616"}],"curies":[{"name":"wp","href":"https:\/\/api.w.org\/{rel}","templated":true}]}}