{"id":2612,"date":"2024-07-29T10:57:20","date_gmt":"2024-07-29T10:57:20","guid":{"rendered":"https:\/\/djarobi.com\/?p=2612"},"modified":"2024-07-29T10:57:20","modified_gmt":"2024-07-29T10:57:20","slug":"benin-lycee-pierre-manoel-talon-des-revelations","status":"publish","type":"post","link":"https:\/\/djarobi.com\/index.php\/2024\/07\/29\/benin-lycee-pierre-manoel-talon-des-revelations\/","title":{"rendered":"B\u00e9nin\/Lyc\u00e9e Pierre Mano\u00ebl Talon: Des r\u00e9v\u00e9lations"},"content":{"rendered":"<p class=\"p1\">Dans notre derni\u00e8re publication sur la construction et l\u2019ouverture prochaine du lyc\u00e9e international fran\u00e7ais Pierre Mano\u00ebl Talon, une initiative de la Fondation Claudine Talon, la premi\u00e8re dame, nous vous avions promis de revenir. Chose promise chose due. Nous voici de retour sur ce dossier avec de nouvelles r\u00e9v\u00e9lations. D\u2019o\u00f9 est partie l\u2019id\u00e9e de la cr\u00e9ation de ce lyc\u00e9e qui ouvre ces portes \u00e0 la rentr\u00e9e scolaire 2024-2025? \u00c0 qui appartenait le site qui abrite aujourd\u2019hui ce lyc\u00e9e? \u00c0 ces questions voici les r\u00e9ponses.<\/p>\n<p class=\"p1\"><strong><span class=\"s1\">\u00c0 qui appartenait le site?<\/span><\/strong><\/p>\n<p class=\"p1\"><span class=\"s1\">Les b\u00e9ninois ne ce sont pas pr\u00e9occup\u00e9s de cette question. Ce qui frappe \u00e0 l\u2019\u0153il d\u2019abord, c\u2019est le co\u00fbt tr\u00e8s \u00e9lev\u00e9 de la scolarit\u00e9. C\u2019est bien normal. Mais \u00e0 cette question,<span class=\"Apple-converted-space\">\u00a0 <\/span>dans nos recherches, nous avons trouv\u00e9 la r\u00e9ponse. Selon nos sources, le site qui abrite ce lyc\u00e9e priv\u00e9 de la premi\u00e8re dame, donc de la famille Talon appartiendrait \u00e0 l\u2019Etat. Il s\u2019agit d\u2019un domaine d\u2019une des soci\u00e9t\u00e9s d\u2019\u00c9tat. \u00ab\u00a0C\u2019est le domaine de l\u2019Opt\u2026\u00a0\u00bb, a confi\u00e9 notre source qui a requis l\u2019anonymat. \u00ab\u00a0C\u2019est s\u00fbr qu\u2019ils l\u2019ont acquis \u00e0 un franc symbolique comme cela est de r\u00e8gles aujourd\u2019hui\u00a0\u00bb, ajoute notre source. <\/span><\/p>\n<p class=\"p1\"><span class=\"s1\">Si ce domaine appartenait \u00e0 l\u2019Etat, comment s\u2019est-il retrouv\u00e9 dans le patrimoine priv\u00e9 du couple pr\u00e9sidentiel? Qui a mis en vente ce domaine? A quel prix a-t-il \u00e9t\u00e9 vendu? \u00c0 ces questions le minist\u00e8re des finances \u00e0 travers la Direction g\u00e9n\u00e9rale du maternel et de la logistique (Dgml) doit pouvoir \u00e9clairer la lanterne des b\u00e9ninois. Qu\u2019il vous souvienne, au tout d\u00e9but de son mandat, le pr\u00e9sident Patrice Talon avait d\u00e9j\u00e0 achet\u00e9 un immeuble de l\u2019\u00c9tat que la Cour constitutionnelle avait en son temps d\u00e9clar\u00e9 contre \u00e0 la Constitution. Mais quelques jours apr\u00e8s, elle est revenue sur sa d\u00e9cision. Nous voici en face d\u2019un nouveau d\u00e9ni d\u2019initi\u00e9 et Dieu sait que depuis, des cas du genre sont l\u00e9gion et dans diff\u00e9rents domaines. <\/span><\/p>\n<p class=\"p1\"><strong><span class=\"s1\">Pourquoi l\u2019id\u00e9e de cr\u00e9er un second lyc\u00e9e fran\u00e7ais au B\u00e9nin ?<\/span><\/strong><\/p>\n<p class=\"p1\"><span class=\"s1\">A cette question, une autre source r\u00e9pond. \u00ab\u00a0L\u2019id\u00e9e de la cr\u00e9ation de ce lyc\u00e9e est li\u00e9e \u00e0 l\u2019ouverture prochaine du Centre hospitalier international de Calavi. Donc l\u2019h\u00f4pital de Calavi\u00a0\u00bb. Plus loin, elle nous dit: \u00ab\u00a0Vous savez, sur le millier d\u2019agents que va employer cet h\u00f4pital, environ 400 seront fran\u00e7ais, 300 b\u00e9ninois et 300 d\u2019autres nationalit\u00e9s africaines\u00a0\u00bb. En clair, conclut notre source \u00ab\u00a0\u2026le lyc\u00e9e n\u2019est pas fait pour les b\u00e9ninois. C\u2019est plut\u00f4t aux fran\u00e7ais qui seront d\u00e9ploy\u00e9s \u00e0 l\u2019h\u00f4pital de Calavi dans quelques semaines\u00a0\u00bb. <\/span><\/p>\n<p class=\"p1\"><strong><span class=\"s1\">Patrice Talon, seul ma\u00eetre \u00e0 bord <\/span><\/strong><\/p>\n<p class=\"p1\"><span class=\"s1\">En agissant ainsi, Patrice Talon prouve son m\u00e9pris pour les b\u00e9ninois et les institutions de la R\u00e9publique. Il oblige les autres \u00e0 respecter les lois quand cela l\u2019arrange lui. Mais quand l\u2019observance de la loi porte atteinte \u00e0 ses int\u00e9r\u00eats personnels, cette loi est bon pour la poubelle. Sinon, on comprend mal, que la fondation de la premi\u00e8re dame se lance dans une activit\u00e9 du genre sans que personne, m\u00eame la Cour constitutionnelle ne d\u00e9clare cela contraire \u00e0 la constitution. Ceci vient rallonger la liste des d\u00e9rives du r\u00e9gime de la rupture dans lequel le monarque a le droit de d\u00e9cider tout seul et qu\u2019au claquement de doigts tout doit se mettre au pas. Cette attitude confirme le propos de l\u2019ancien Archev\u00eaque de Cotonou Monseigneur Antoine Gany\u00e9. \u00ab\u00a0On a comme l\u2019impression que le pr\u00e9sident aime le B\u00e9nin, mais pas ses habitants\u00a0\u00bb. Le pr\u00e9lat a bien raison. Que les B\u00e9ninois meurent de faim le gouvernement s\u2019en fiche. <\/span><\/p>\n<p class=\"p1\"><span class=\"s1\">Les griots, les ennemis de la R\u00e9publique au service du monarque viendront justifier ce parjure avec les mots tir\u00e9s de la toute derni\u00e8re version du dictionnaire Larousse. C\u2019est bien dommage que la R\u00e9publique soit r\u00e9duite \u00e0 la portion d\u2019une soci\u00e9t\u00e9 priv\u00e9e dans laquelle seule les int\u00e9r\u00eats de son patron compte. <\/span><\/p>\n<p class=\"p1\"><span class=\"s1\">F. A. <\/span><\/p>\n","protected":false},"excerpt":{"rendered":"<p>Dans notre derni\u00e8re publication sur la construction et l\u2019ouverture prochaine du lyc\u00e9e international fran\u00e7ais Pierre Mano\u00ebl Talon, une initiative de la Fondation Claudine Talon, la premi\u00e8re dame, nous vous avions promis de revenir. Chose promise chose due. Nous voici de retour sur ce dossier avec de nouvelles r\u00e9v\u00e9lations. D\u2019o\u00f9 est partie l\u2019id\u00e9e de la cr\u00e9ation [&hellip;]<\/p>\n","protected":false},"author":2,"featured_media":2603,"comment_status":"open","ping_status":"closed","sticky":false,"template":"","format":"standard","meta":{"content-type":"","footnotes":""},"categories":[2,16,11,8],"tags":[],"class_list":{"0":"post-2612","1":"post","2":"type-post","3":"status-publish","4":"format-standard","5":"has-post-thumbnail","7":"category-actualites","8":"category-afrique","9":"category-benin","10":"category-societe"},"_links":{"self":[{"href":"https:\/\/djarobi.com\/index.php\/wp-json\/wp\/v2\/posts\/2612","targetHints":{"allow":["GET"]}}],"collection":[{"href":"https:\/\/djarobi.com\/index.php\/wp-json\/wp\/v2\/posts"}],"about":[{"href":"https:\/\/djarobi.com\/index.php\/wp-json\/wp\/v2\/types\/post"}],"author":[{"embeddable":true,"href":"https:\/\/djarobi.com\/index.php\/wp-json\/wp\/v2\/users\/2"}],"replies":[{"embeddable":true,"href":"https:\/\/djarobi.com\/index.php\/wp-json\/wp\/v2\/comments?post=2612"}],"version-history":[{"count":1,"href":"https:\/\/djarobi.com\/index.php\/wp-json\/wp\/v2\/posts\/2612\/revisions"}],"predecessor-version":[{"id":2613,"href":"https:\/\/djarobi.com\/index.php\/wp-json\/wp\/v2\/posts\/2612\/revisions\/2613"}],"wp:featuredmedia":[{"embeddable":true,"href":"https:\/\/djarobi.com\/index.php\/wp-json\/wp\/v2\/media\/2603"}],"wp:attachment":[{"href":"https:\/\/djarobi.com\/index.php\/wp-json\/wp\/v2\/media?parent=2612"}],"wp:term":[{"taxonomy":"category","embeddable":true,"href":"https:\/\/djarobi.com\/index.php\/wp-json\/wp\/v2\/categories?post=2612"},{"taxonomy":"post_tag","embeddable":true,"href":"https:\/\/djarobi.com\/index.php\/wp-json\/wp\/v2\/tags?post=2612"}],"curies":[{"name":"wp","href":"https:\/\/api.w.org\/{rel}","templated":true}]}}