{"id":2576,"date":"2024-07-21T16:34:43","date_gmt":"2024-07-21T16:34:43","guid":{"rendered":"https:\/\/djarobi.com\/?p=2576"},"modified":"2024-07-21T16:34:43","modified_gmt":"2024-07-21T16:34:43","slug":"politique-thibaut-ogou-au-congres-du-nfn-la-grande-opposition-de-ce-regime-en-place-cest-le-peuple","status":"publish","type":"post","link":"https:\/\/djarobi.com\/index.php\/2024\/07\/21\/politique-thibaut-ogou-au-congres-du-nfn-la-grande-opposition-de-ce-regime-en-place-cest-le-peuple\/","title":{"rendered":"Politique \/Thibaut Ogou au congr\u00e8s du Nfn:\u00ab \u2026 La grande opposition de ce r\u00e9gime en place, c\u2019est le peuple\u2026 \u00bb"},"content":{"rendered":"<p class=\"p1\">Samedi dernier, Thibaut Ogou \u00e9tait au congr\u00e8s ordinaire du parti la Nouvelle force nationale. \u00c0 cette occasion, le pr\u00e9sident du mouvement Alliance conclave de la jeunesse a encore pris la parole. Au pupitre, Thibaut Ogou a fait savoir que l\u2019opposition au r\u00e9gime en place c\u2019est le peuple b\u00e9ninois lui-m\u00eame. \u00ab La grande opposition de ce r\u00e9gime en place, ce n&rsquo;est plus un parti politique, ce n&rsquo;est plus un mouvement politique mais c&rsquo;est le peuple b\u00e9ninois. Ce peuple b\u00e9ninois qui a marre de ce r\u00e9gime qui l&rsquo;opprime, l&#8217;emprisonne et l&rsquo;affame \u00bb. Selon lui, il suffit de rentrer dans les rues pour se rendre \u00e0 l\u2019\u00e9vidence. La destruction du march\u00e9 Dantokpa, la tension diplomatique entre le B\u00e9nin et ses voisins n\u2019ont pas \u00e9chapp\u00e9 \u00e0 l\u2019opposant b\u00e9ninois. Lisez son discours.<\/p>\n<p class=\"p1\"><span class=\"s1\"><b>DISCOURS DU PR\u00c9SIDENT DU MOUVEMENT ALLIANCE CONCLAVE DE LA JEUNESSE THIBAUT OGOU A L&rsquo;OCCASION DU CONGR\u00c8S ORDINAIRE DU PARTI NFN<\/b><\/span><\/p>\n<p class=\"p1\"><span class=\"s1\">Au nom du mouvement Alliance Conclave de la Jeunesse dont je suis le pr\u00e9sident, <\/span><\/p>\n<p class=\"p1\"><span class=\"s1\">Au nom de la Jeunesse B\u00e9ninoise affam\u00e9e, m\u00e9pris\u00e9e, meurtrie mais combative<\/span><\/p>\n<p class=\"p1\"><span class=\"s1\">Et en mon nom propre,<\/span><\/p>\n<p class=\"p1\"><span class=\"s1\">Je vous remercie pour l&rsquo;honneur que vous faites en ma modeste personne en m&rsquo;invitant \u00e0 cette c\u00e9r\u00e9monie d&rsquo;ouverture de votre congr\u00e8s ordinaire.<\/span><\/p>\n<p class=\"p1\"><span class=\"s1\">Madames et monsieurs<\/span><\/p>\n<p class=\"p1\"><span class=\"s1\">Chers congressistes<\/span><\/p>\n<p class=\"p1\"><span class=\"s1\">Votre congr\u00e8s intervient \u00e0 un moment important de l&rsquo;histoire de notre pays, la veille des \u00e9lections de 2026. Oui un moment important puisque sur les quatre derni\u00e8res \u00e9lections organis\u00e9es par le r\u00e9gime en place, trois ont connues de crise et de protestation. Que Dieu et les m\u00e2nes de nos anc\u00eatres \u00e9veille la conscience de nos dirigeants pour que les \u00e9ch\u00e9ances \u00e9lectorales de 2026 soient un \u00e9v\u00e8nement de joie et de paix comme ce fut dans les ann\u00e9es pr\u00e9c\u00e9dentes.<\/span><\/p>\n<p class=\"p1\"><span class=\"s1\">Madames et monsieurs<\/span><\/p>\n<p class=\"p1\"><span class=\"s1\">Chers congressistes<\/span><\/p>\n<p class=\"p1\"><span class=\"s1\">La situation sociopolitique tr\u00e8s critique et tendue que vit notre pays n&rsquo;est plus un secret pour aucun b\u00e9ninois. Cela se sent dans chaque foyer \u00e0 travers les difficult\u00e9s quotidiennes pour s&rsquo;offrir l&rsquo;\u00e9l\u00e9mentaire. Il y a quelques jours, les d\u00e9put\u00e9s ont en majorit\u00e9 absolue \u00e0 79 voies ( tous de la majorit\u00e9 pr\u00e9sidentielle) vot\u00e9s la loi sur la modification du code \u00e9lectoral. D\u00e9sormais au B\u00e9nin, pour \u00eatre candidat \u00e0 l&rsquo;\u00e9lection pr\u00e9sidentielle, il faut r\u00e9unir 15% des parrainages des d\u00e9put\u00e9s soit un nombre de 28 d\u00e9put\u00e9s et pour \u00eatre repr\u00e9sent\u00e9 \u00e0 l&rsquo;Assembl\u00e9e nationale, il faut avoir 20% des suffrages exprim\u00e9e sur l&rsquo;\u00e9tendue du territoire national. Qu&rsquo;il nous souvienne que la loi sur le parrainage introduite par les d\u00e9put\u00e9s de la huiti\u00e8me l\u00e9gislature avait \u00e9t\u00e9 contest\u00e9e et d\u00e9nonc\u00e9e comme un poison pour notre d\u00e9mocratie. Je fais partir des premiers \u00e0 d\u00e9noncer cela \u00e0 travers l&rsquo;initiative NON AU PARRAINAGE en 2020 apr\u00e8s ma sortie de prison en 2019. Les retomb\u00e9es \u00e9taient visibles en 2021. En lieu et place d&rsquo;apaiser la tension et de supprimer ce verrou, cette gangr\u00e8ne, le pouvoir en place valorise ce syst\u00e8me de parrainage dans un pays o\u00f9 la transhumance politique r\u00e8gne sans scrupule. Cette modification est une d\u00e9monstration de la bonne foie du r\u00e9gime en place \u00e0 continuer dans l&rsquo;exclusion et la confiscation du pouvoir.<\/span><\/p>\n<p class=\"p1\"><span class=\"s1\">Dans une vid\u00e9o qui fait virage sur les r\u00e9seaux sociaux, le Pr\u00e9sident de R\u00e9publique du Burkina Faso Ibrahim TRAORE a port\u00e9 des propos accusatoire \u00e0 l&rsquo;endroit du B\u00e9nin et de la C\u00f4te d&rsquo;Ivoire. \u00c0 travers ses d\u00e9clarations, il affirme sans langue de bois qu&rsquo;il y a au B\u00e9nin deux bases militaires fran\u00e7aises qui forment et soignent des terroristes dans le but de d\u00e9stabiliser le Burkina Faso. Les d\u00e9clarations d&rsquo;un chef d&rsquo;\u00c9tat de surcro\u00eet un militaire tromp\u00e9 dans les renseignements ne sont ni \u00e0<span class=\"Apple-converted-space\">\u00a0 <\/span>bafou\u00e9 ni \u00e0 prendre \u00e0 la l\u00e9g\u00e8re. Nous au sein du mouvement Alliance Conclave de la Jeunesse, nous ne disposons pas d&rsquo;\u00e9l\u00e9ments suffisants pour confirmer qu&rsquo;il y a des bases militaires ou non au B\u00e9nin. Mais de part ces d\u00e9clarations du num\u00e9ro un de l&rsquo;\u00c9tat du Burkina Faso, il est clair que la coop\u00e9ration amicale et fraternelle entre nos deux \u00e9tats a pris un coup. Avant 2016, le peuple b\u00e9ninois entretien des relations amicales et fraternelles avec les peuples des pays limitrophes de la sous r\u00e9gion. Depuis quelques temps, la crise avec le Niger qui a m\u00eame n\u00e9cessit\u00e9 l&rsquo;intervention de nos deux anciens pr\u00e9sidents encore en vie est toujours loin de terminer. \u00c0 pr\u00e9sent, des d\u00e9buts de crise avec l&rsquo;\u00c9tat fr\u00e8re du Burkina Faso? Les dirigeants b\u00e9ninois doivent dans une urgence inconditionnelle r\u00e9tablir le dialogue et l&rsquo;entente, des valeurs traditionnelles et caract\u00e9ristiques de nos valeurs qui ont toujours permis l&rsquo;harmonie et le vivre ensemble avec les \u00e9tats et les peuples fr\u00e8res de la sous r\u00e9gion.<\/span><\/p>\n<p class=\"p1\"><span class=\"s1\">Madames et monsieurs<\/span><\/p>\n<p class=\"p1\"><span class=\"s1\">Chers congressistes<\/span><\/p>\n<p class=\"p1\"><span class=\"s1\">La question de destruction du march\u00e9 dantokpa, un march\u00e9 de r\u00e9f\u00e9rence dans la sous r\u00e9gion fait toujours d\u00e9bat et pol\u00e9mique. Les raisons avanc\u00e9es par le ministre Jos\u00e9 TONATO sont la mal organisation des dames dans le march\u00e9 et surtout l&rsquo;insalubrit\u00e9 qu&rsquo;abrite ce march\u00e9 qui est en plein c\u0153ur de la ville de Cotonou. Nous au sein du mouvement Alliance Conclave de la Jeunesse, notre position est claire et cat\u00e9gorique sur la question. Nous sommes farouchement contre la destruction et la d\u00e9localisation du march\u00e9 Dantokpa. Pourquoi le gouvernement ne peut-il pas utiliser les 32 milliards qui ont servi \u00e0 la construction des neufs march\u00e9s urbains pour reconstruire, r\u00e9am\u00e9nager et r\u00e9organiser le march\u00e9 Dantokpa qui est un march\u00e9 de r\u00e9f\u00e9rence dans la sous-r\u00e9gion et d&rsquo;envergure internationale? <\/span><\/p>\n<p class=\"p1\"><span class=\"s1\">Je ne pourrai finir sans avoir une pens\u00e9e en faveur de mes fr\u00e8res et s\u0153urs qui croupissent encore dans les prisons \u00e0 cause de leurs opinions ou de leurs appartenances politiques. J&rsquo;ai fais un geste en leur faveur le samedi 13 juillet pass\u00e9. Mais cela n&rsquo;est qu&rsquo;un petit part. C&rsquo;est pourquoi je demande \u00e0 tout le peuple b\u00e9ninois d&#8217;emboiter mes pas et de soutenir ces h\u00e9ros de la nation. Je demande \u00e9galement au Pr\u00e9sident de la R\u00e9publique son excellence Patrice TALON de profiter de cette f\u00eate d&rsquo;ind\u00e9pendance pour prononcer une gr\u00e2ce pr\u00e9sidentielle en faveur de tous ces d\u00e9tenus politiques et de tous les exil\u00e9s politiques. Ce n&rsquo;est qu&rsquo;ensemble qu&rsquo;on peut d\u00e9velopper notre nation.<\/span><\/p>\n<p class=\"p1\"><span class=\"s1\">Madames et monsieurs<\/span><\/p>\n<p class=\"p1\"><span class=\"s1\">La grande opposition de ce r\u00e9gime en place, ce n&rsquo;est plus un parti politique, ce n&rsquo;est plus un mouvement politique mais c&rsquo;est le peuple b\u00e9ninois. Ce peuple b\u00e9nin ois qui a marre de ce r\u00e9gime qui l&rsquo;opprime, l&#8217;emprisonne et l&rsquo;affame. La jeunesse b\u00e9ninoise dit aujourd&rsquo;hui etchiko. Oui etchiko \u00e0 la faim. Etchiko \u00e0 l&rsquo;exclusion politique. Etchiko au licencement des travailleurs. Etchiko \u00e0 l&#8217;emprisonnement, aux traques et aux exiles politiques. Etchiko aux lois liberticides. C&rsquo;est pourquoi le mouvement Alliance Conclave de la Jeunesse lance dans les tous prochains jours le symposium de la Jeunesse b\u00e9ninoise pour qu&rsquo;ensemble nous nous unissons pour prendre notre destin en mains car la force d&rsquo;un peuple, c&rsquo;est sa jeunesse. Nous profitons de cette occasion pour inviter le parti Nouvelles Force Nationale \u00e0 se joindre \u00e0 nous, \u00e0 se joindre \u00e0 cette jeunesse affam\u00e9 mais d\u00e9termin\u00e9e et combative pour qu&rsquo;ensemble nous disons d&rsquo;une seule voie ETCHIKO. <\/span><\/p>\n<p class=\"p1\"><span class=\"s1\">Sur ce, je souhaite une bonne suite des travaux \u00e0 votre congr\u00e8s<\/span><\/p>\n<p class=\"p1\"><span class=\"s1\">VIVE LE BENIN<\/span><\/p>\n<p class=\"p1\"><span class=\"s1\">VIVE LA JEUNESSE<\/span><\/p>\n<p class=\"p1\"><span class=\"s1\">Je vous remercie<\/span><\/p>\n<p class=\"p1\"><span class=\"s1\">Thibaut OGOU<\/span><\/p>\n","protected":false},"excerpt":{"rendered":"<p>Samedi dernier, Thibaut Ogou \u00e9tait au congr\u00e8s ordinaire du parti la Nouvelle force nationale. \u00c0 cette occasion, le pr\u00e9sident du mouvement Alliance conclave de la jeunesse a encore pris la parole. Au pupitre, Thibaut Ogou a fait savoir que l\u2019opposition au r\u00e9gime en place c\u2019est le peuple b\u00e9ninois lui-m\u00eame. \u00ab La grande opposition de ce [&hellip;]<\/p>\n","protected":false},"author":2,"featured_media":2564,"comment_status":"open","ping_status":"closed","sticky":false,"template":"","format":"standard","meta":{"content-type":"","footnotes":""},"categories":[2,16,11,15,3],"tags":[],"class_list":{"0":"post-2576","1":"post","2":"type-post","3":"status-publish","4":"format-standard","5":"has-post-thumbnail","7":"category-actualites","8":"category-afrique","9":"category-benin","10":"category-election","11":"category-politique"},"_links":{"self":[{"href":"https:\/\/djarobi.com\/index.php\/wp-json\/wp\/v2\/posts\/2576","targetHints":{"allow":["GET"]}}],"collection":[{"href":"https:\/\/djarobi.com\/index.php\/wp-json\/wp\/v2\/posts"}],"about":[{"href":"https:\/\/djarobi.com\/index.php\/wp-json\/wp\/v2\/types\/post"}],"author":[{"embeddable":true,"href":"https:\/\/djarobi.com\/index.php\/wp-json\/wp\/v2\/users\/2"}],"replies":[{"embeddable":true,"href":"https:\/\/djarobi.com\/index.php\/wp-json\/wp\/v2\/comments?post=2576"}],"version-history":[{"count":1,"href":"https:\/\/djarobi.com\/index.php\/wp-json\/wp\/v2\/posts\/2576\/revisions"}],"predecessor-version":[{"id":2577,"href":"https:\/\/djarobi.com\/index.php\/wp-json\/wp\/v2\/posts\/2576\/revisions\/2577"}],"wp:featuredmedia":[{"embeddable":true,"href":"https:\/\/djarobi.com\/index.php\/wp-json\/wp\/v2\/media\/2564"}],"wp:attachment":[{"href":"https:\/\/djarobi.com\/index.php\/wp-json\/wp\/v2\/media?parent=2576"}],"wp:term":[{"taxonomy":"category","embeddable":true,"href":"https:\/\/djarobi.com\/index.php\/wp-json\/wp\/v2\/categories?post=2576"},{"taxonomy":"post_tag","embeddable":true,"href":"https:\/\/djarobi.com\/index.php\/wp-json\/wp\/v2\/tags?post=2576"}],"curies":[{"name":"wp","href":"https:\/\/api.w.org\/{rel}","templated":true}]}}