{"id":2483,"date":"2024-07-01T09:52:19","date_gmt":"2024-07-01T09:52:19","guid":{"rendered":"https:\/\/djarobi.com\/?p=2483"},"modified":"2024-07-01T09:52:19","modified_gmt":"2024-07-01T09:52:19","slug":"benin-prisonniers-politiques-latif-radji-meurt-menotte","status":"publish","type":"post","link":"https:\/\/djarobi.com\/index.php\/2024\/07\/01\/benin-prisonniers-politiques-latif-radji-meurt-menotte\/","title":{"rendered":"B\u00e9nin\/ prisonniers politiques\/ Latif Radji meurt menott\u00e9"},"content":{"rendered":"<p>Il s\u2019appelait Latif Radji, jeune prisonnier politique, il a rendu l\u2019\u00e2me ce lundi matin. La nouvelle de sa mort, comme une tra\u00een\u00e9e de poudre s\u2019est r\u00e9pandue dans les r\u00e9seaux sociaux avec sa photo. \u00c9tendu sur son lit d\u2019h\u00f4pital sous oxyg\u00e8ne et menottes \u00e0 la main, c\u2019est cette derni\u00e8re image cruelle que les b\u00e9ninois retiennent de ce jeune otage du r\u00e9gime Talon. Emprisonn\u00e9 pour avoir r\u00e9clam\u00e9 son droit de vote Latif Radji rend l\u2019\u00e2me en martyr.<\/p>\n<p class=\"p1\"><span class=\"s1\">Nous y reviendrons! <\/span><\/p>\n<p class=\"p1\"><span class=\"s1\">La R\u00e9daction<\/span><\/p>\n","protected":false},"excerpt":{"rendered":"<p>Il s\u2019appelait Latif Radji, jeune prisonnier politique, il a rendu l\u2019\u00e2me ce lundi matin. La nouvelle de sa mort, comme une tra\u00een\u00e9e de poudre s\u2019est r\u00e9pandue dans les r\u00e9seaux sociaux avec sa photo. \u00c9tendu sur son lit d\u2019h\u00f4pital sous oxyg\u00e8ne et menottes \u00e0 la main, c\u2019est cette derni\u00e8re image cruelle que les b\u00e9ninois retiennent de [&hellip;]<\/p>\n","protected":false},"author":2,"featured_media":2484,"comment_status":"open","ping_status":"closed","sticky":false,"template":"","format":"standard","meta":{"content-type":"","footnotes":""},"categories":[2,11,3,8],"tags":[],"class_list":{"0":"post-2483","1":"post","2":"type-post","3":"status-publish","4":"format-standard","5":"has-post-thumbnail","7":"category-actualites","8":"category-benin","9":"category-politique","10":"category-societe"},"_links":{"self":[{"href":"https:\/\/djarobi.com\/index.php\/wp-json\/wp\/v2\/posts\/2483","targetHints":{"allow":["GET"]}}],"collection":[{"href":"https:\/\/djarobi.com\/index.php\/wp-json\/wp\/v2\/posts"}],"about":[{"href":"https:\/\/djarobi.com\/index.php\/wp-json\/wp\/v2\/types\/post"}],"author":[{"embeddable":true,"href":"https:\/\/djarobi.com\/index.php\/wp-json\/wp\/v2\/users\/2"}],"replies":[{"embeddable":true,"href":"https:\/\/djarobi.com\/index.php\/wp-json\/wp\/v2\/comments?post=2483"}],"version-history":[{"count":1,"href":"https:\/\/djarobi.com\/index.php\/wp-json\/wp\/v2\/posts\/2483\/revisions"}],"predecessor-version":[{"id":2485,"href":"https:\/\/djarobi.com\/index.php\/wp-json\/wp\/v2\/posts\/2483\/revisions\/2485"}],"wp:featuredmedia":[{"embeddable":true,"href":"https:\/\/djarobi.com\/index.php\/wp-json\/wp\/v2\/media\/2484"}],"wp:attachment":[{"href":"https:\/\/djarobi.com\/index.php\/wp-json\/wp\/v2\/media?parent=2483"}],"wp:term":[{"taxonomy":"category","embeddable":true,"href":"https:\/\/djarobi.com\/index.php\/wp-json\/wp\/v2\/categories?post=2483"},{"taxonomy":"post_tag","embeddable":true,"href":"https:\/\/djarobi.com\/index.php\/wp-json\/wp\/v2\/tags?post=2483"}],"curies":[{"name":"wp","href":"https:\/\/api.w.org\/{rel}","templated":true}]}}