{"id":2390,"date":"2024-06-19T13:01:03","date_gmt":"2024-06-19T13:01:03","guid":{"rendered":"https:\/\/djarobi.com\/?p=2390"},"modified":"2024-06-19T13:01:03","modified_gmt":"2024-06-19T13:01:03","slug":"benin-conseil-des-ministres-plusieurs-nominations-dans-larmee","status":"publish","type":"post","link":"https:\/\/djarobi.com\/index.php\/2024\/06\/19\/benin-conseil-des-ministres-plusieurs-nominations-dans-larmee\/","title":{"rendered":"B\u00e9nin\/Conseil des ministres: plusieurs nominations dans l\u2019arm\u00e9e"},"content":{"rendered":"<p class=\"p1\">Des nominations prononc\u00e9es dans des minist\u00e8res. Le Conseil des ministres du mercredi 19 juin 2024 a promu plusieurs cadres \u00e0 diff\u00e9rents postes dans deux d\u00e9partement minist\u00e9riels.<\/p>\n<p class=\"p1\"><span class=\"s1\">Les nominations ci-apr\u00e8s ont \u00e9t\u00e9 prononc\u00e9es\u00a0:<\/span><\/p>\n<p class=\"p1\"><span class=\"s1\">\u00a0<\/span><span class=\"s2\">Au minist\u00e8re de l\u2019Int\u00e9rieur et de la S\u00e9curit\u00e9 Publique<\/span><\/p>\n<p class=\"p1\"><span class=\"s2\">Directeur g\u00e9n\u00e9ral de l\u2019Agence b\u00e9ninoise<\/span><span class=\"s3\">\u00a0<\/span><span class=\"s2\">de Gestion int\u00e9gr\u00e9e des Espaces frontaliers<\/span><\/p>\n<p class=\"p1\"><span class=\"s1\">Monsieur Youssoufou ADAM<\/span><\/p>\n<p class=\"p1\"><span class=\"s2\">\u00a0Au minist\u00e8re de la D\u00e9fense nationale<\/span><\/p>\n<p class=\"p1\"><span class=\"s2\">Chef d\u2019\u00e9tat-major adjoint de l\u2019Arm\u00e9e de terre<\/span><\/p>\n<p class=\"p1\"><span class=\"s1\">Colonel Saturnin OBELAKOUN<\/span><\/p>\n<p class=\"p1\"><span class=\"s2\">Chef d\u2019\u00e9tat-major de la Garde nationale<\/span><\/p>\n<p class=\"p1\"><span class=\"s1\">Colonel Fa\u00efzou GOMINA<\/span><\/p>\n<p class=\"p1\"><span class=\"s2\">Chef d\u2019\u00e9tat-major adjoint de la Garde nationale<\/span><\/p>\n<p class=\"p1\"><span class=\"s1\">Colonel Andr\u00e9 DOKOUI FOFO<\/span><\/p>\n<p class=\"p1\"><span class=\"s2\">Conseiller technique \u00e0 la Strat\u00e9gie<\/span><\/p>\n<p class=\"p1\"><span class=\"s1\">Colonel Fran\u00e7ois<\/span><span class=\"s3\">\u00a0<\/span><span class=\"s1\">AMOUSSOU<\/span><\/p>\n<p class=\"p1\"><span class=\"s2\">Directeur de la Participation des arm\u00e9es au d\u00e9veloppement et aux t\u00e2ches d\u2019int\u00e9r\u00eat public<\/span><\/p>\n<p class=\"p1\"><span class=\"s1\">Colonel-major T\u00e9t\u00e9d\u00e9 IDJOUOLA<\/span><\/p>\n<p class=\"p1\"><span class=\"s2\">Directeur central du G\u00e9nie des Arm\u00e9es<\/span><\/p>\n<p class=\"p1\"><span class=\"s1\">Lieutenant-colonel Philippe N\u00e9ri<\/span><span class=\"s3\">\u00a0<\/span><span class=\"s1\">ALI<\/span><\/p>\n<p class=\"p1\"><span class=\"s2\">Directeur central du G\u00e9nie des Arm\u00e9es adjoint<\/span><\/p>\n<p class=\"p1\"><span class=\"s1\">Lieutenant-colonel Megalvio TOSSA.<\/span><\/p>\n","protected":false},"excerpt":{"rendered":"<p>Des nominations prononc\u00e9es dans des minist\u00e8res. Le Conseil des ministres du mercredi 19 juin 2024 a promu plusieurs cadres \u00e0 diff\u00e9rents postes dans deux d\u00e9partement minist\u00e9riels. Les nominations ci-apr\u00e8s ont \u00e9t\u00e9 prononc\u00e9es\u00a0: \u00a0Au minist\u00e8re de l\u2019Int\u00e9rieur et de la S\u00e9curit\u00e9 Publique Directeur g\u00e9n\u00e9ral de l\u2019Agence b\u00e9ninoise\u00a0de Gestion int\u00e9gr\u00e9e des Espaces frontaliers Monsieur Youssoufou ADAM \u00a0Au [&hellip;]<\/p>\n","protected":false},"author":2,"featured_media":2225,"comment_status":"open","ping_status":"closed","sticky":false,"template":"","format":"standard","meta":{"content-type":"","footnotes":""},"categories":[2,11,3,8],"tags":[],"class_list":{"0":"post-2390","1":"post","2":"type-post","3":"status-publish","4":"format-standard","5":"has-post-thumbnail","7":"category-actualites","8":"category-benin","9":"category-politique","10":"category-societe"},"_links":{"self":[{"href":"https:\/\/djarobi.com\/index.php\/wp-json\/wp\/v2\/posts\/2390","targetHints":{"allow":["GET"]}}],"collection":[{"href":"https:\/\/djarobi.com\/index.php\/wp-json\/wp\/v2\/posts"}],"about":[{"href":"https:\/\/djarobi.com\/index.php\/wp-json\/wp\/v2\/types\/post"}],"author":[{"embeddable":true,"href":"https:\/\/djarobi.com\/index.php\/wp-json\/wp\/v2\/users\/2"}],"replies":[{"embeddable":true,"href":"https:\/\/djarobi.com\/index.php\/wp-json\/wp\/v2\/comments?post=2390"}],"version-history":[{"count":1,"href":"https:\/\/djarobi.com\/index.php\/wp-json\/wp\/v2\/posts\/2390\/revisions"}],"predecessor-version":[{"id":2391,"href":"https:\/\/djarobi.com\/index.php\/wp-json\/wp\/v2\/posts\/2390\/revisions\/2391"}],"wp:featuredmedia":[{"embeddable":true,"href":"https:\/\/djarobi.com\/index.php\/wp-json\/wp\/v2\/media\/2225"}],"wp:attachment":[{"href":"https:\/\/djarobi.com\/index.php\/wp-json\/wp\/v2\/media?parent=2390"}],"wp:term":[{"taxonomy":"category","embeddable":true,"href":"https:\/\/djarobi.com\/index.php\/wp-json\/wp\/v2\/categories?post=2390"},{"taxonomy":"post_tag","embeddable":true,"href":"https:\/\/djarobi.com\/index.php\/wp-json\/wp\/v2\/tags?post=2390"}],"curies":[{"name":"wp","href":"https:\/\/api.w.org\/{rel}","templated":true}]}}