{"id":2227,"date":"2024-05-31T16:54:22","date_gmt":"2024-05-31T16:54:22","guid":{"rendered":"https:\/\/djarobi.com\/?p=2227"},"modified":"2024-05-31T16:54:22","modified_gmt":"2024-05-31T16:54:22","slug":"deces-des-beninois-aux-larges-de-la-tunisie-abbe-arnaud-eric-aguenounon-qui-interpelle-le-gouvernement","status":"publish","type":"post","link":"https:\/\/djarobi.com\/index.php\/2024\/05\/31\/deces-des-beninois-aux-larges-de-la-tunisie-abbe-arnaud-eric-aguenounon-qui-interpelle-le-gouvernement\/","title":{"rendered":"D\u00e9c\u00e8s  des b\u00e9ninois aux larges de la Tunisie: Abb\u00e9 Arnaud \u00c9ric Agu\u00e9nounon qui interpelle le Gouvernement"},"content":{"rendered":"<p class=\"p1\"><span class=\"s1\">Plusieurs familles b\u00e9ninoises endeuill\u00e9es par l\u2019effroyable drame en haute mer en Tunisie. L\u2019\u00e9glise catholique se dit tr\u00e8s profond\u00e9ment touch\u00e9e. La r\u00e9action de l\u2019Abb\u00e9 Arnaud \u00c9ric Agu\u00e9nounon directeur de l\u2019Iajp qui interpelle le gouvernement et rapport\u00e9e par Le Patriotebenin.com dit long. <\/span><\/p>\n<p class=\"p1\"><span class=\"s1\">\u00ab\u00a0Plusieurs personnes m\u2019ont interpell\u00e9, d\u2019autres sont venus \u00e0 l\u2019IAJP pour relever notre silence sur la question pendant que notre th\u00e8me d\u2019ann\u00e9e s\u2019illustre \u00e0 travers ce sinistre humain. Ces compatriotes-l\u00e0 ont raison d\u2019interpeller l\u2019IAJP qui consacre ses r\u00e9flexions de cette ann\u00e9e 2024 \u00e0 l\u2019Afrique au carrefour d\u2019un th\u00e8me tr\u00e8s significatif : \u00ab\u00a0la coop\u00e9ration internationale et les d\u00e9fis contemporains en Afrique\u00a0\u00bb. Nous sommes au second trimestre de nos activit\u00e9s et nous voil\u00e0 confront\u00e9s \u00e0 la r\u00e9alit\u00e9 concr\u00e8te d\u2019un des maux que nos mots pr\u00e9sents ne peuvent exprimer \u00e0 la hauteur de la trag\u00e9die d\u00e9sesp\u00e9rante. Ce d\u00e9bilitant tournant existentiel est la cons\u00e9quence honteuse d\u2019un dernier espoir d\u00e9chu.<\/span><\/p>\n<p class=\"p1\"><span class=\"s1\">\u00a0Pour prendre le chemin p\u00e9rilleux de cette malheureuse seconde mort, c\u2019est qu\u2019il y avait d\u00e9j\u00e0 eu un premier d\u00e9c\u00e8s social d\u00fb \u00e0 l\u2019effroyable mis\u00e8re, \u00e0 l\u2019individualisme acide, \u00e0 la faillite du syst\u00e8me social \u00e9tatique, s\u2019il y en avait bien s\u00fbr, et \u00e0 l\u2019indiff\u00e9rence sismique d\u2019un pouvoir central n\u00e9o-lib\u00e9ral.<\/span><\/p>\n<p class=\"p1\"><span class=\"s1\">Moi qui pensais que mon pays, le B\u00e9nin, ne serait pas confront\u00e9 \u00e0 la catastrophe humaine de l\u2019immigration clandestine empruntant les ravins escarp\u00e9s de la mort pensant que l\u2019Europe est l\u2019\u00eele enchanteresse. Chacun de nous est interpell\u00e9\u2026 Quel genre de soci\u00e9t\u00e9 construisons-nous aujourd\u2019hui ? Quelle place ont le pain, la paix et la prairie dans le B\u00e9nin d\u2019aujourd\u2019hui ? Quelle priorit\u00e9 est accord\u00e9e \u00e0 la personne humaine, au travail d\u00e9cent, \u00e0 la justice sociale, \u00e0 l\u2019\u00e9quit\u00e9 et \u00e0 l\u2019\u00e9thique ? Le trop plein d\u2019attention accord\u00e9e \u00e0 la cit\u00e9 de pierres cr\u00e9e une tension, une distorsion, et une alt\u00e9ration au niveau de la fondation de la cit\u00e9 humaine dont la construction est d\u00e9j\u00e0 en soi sourcilleuse\u00a0\u00bb.\u00a0<\/span><\/p>\n<p class=\"p1\"><span class=\"s1\">Abb\u00e9 Arnaud \u00c9ric AGU\u00c9NOUNON<\/span><\/p>\n<p class=\"p1\"><span class=\"s1\">Directeur de l\u2019IAJP<\/span><\/p>\n","protected":false},"excerpt":{"rendered":"<p>Plusieurs familles b\u00e9ninoises endeuill\u00e9es par l\u2019effroyable drame en haute mer en Tunisie. L\u2019\u00e9glise catholique se dit tr\u00e8s profond\u00e9ment touch\u00e9e. La r\u00e9action de l\u2019Abb\u00e9 Arnaud \u00c9ric Agu\u00e9nounon directeur de l\u2019Iajp qui interpelle le gouvernement et rapport\u00e9e par Le Patriotebenin.com dit long. \u00ab\u00a0Plusieurs personnes m\u2019ont interpell\u00e9, d\u2019autres sont venus \u00e0 l\u2019IAJP pour relever notre silence sur la [&hellip;]<\/p>\n","protected":false},"author":2,"featured_media":2228,"comment_status":"open","ping_status":"closed","sticky":false,"template":"","format":"standard","meta":{"content-type":"","footnotes":""},"categories":[2,11,3,8],"tags":[],"class_list":{"0":"post-2227","1":"post","2":"type-post","3":"status-publish","4":"format-standard","5":"has-post-thumbnail","7":"category-actualites","8":"category-benin","9":"category-politique","10":"category-societe"},"_links":{"self":[{"href":"https:\/\/djarobi.com\/index.php\/wp-json\/wp\/v2\/posts\/2227","targetHints":{"allow":["GET"]}}],"collection":[{"href":"https:\/\/djarobi.com\/index.php\/wp-json\/wp\/v2\/posts"}],"about":[{"href":"https:\/\/djarobi.com\/index.php\/wp-json\/wp\/v2\/types\/post"}],"author":[{"embeddable":true,"href":"https:\/\/djarobi.com\/index.php\/wp-json\/wp\/v2\/users\/2"}],"replies":[{"embeddable":true,"href":"https:\/\/djarobi.com\/index.php\/wp-json\/wp\/v2\/comments?post=2227"}],"version-history":[{"count":1,"href":"https:\/\/djarobi.com\/index.php\/wp-json\/wp\/v2\/posts\/2227\/revisions"}],"predecessor-version":[{"id":2229,"href":"https:\/\/djarobi.com\/index.php\/wp-json\/wp\/v2\/posts\/2227\/revisions\/2229"}],"wp:featuredmedia":[{"embeddable":true,"href":"https:\/\/djarobi.com\/index.php\/wp-json\/wp\/v2\/media\/2228"}],"wp:attachment":[{"href":"https:\/\/djarobi.com\/index.php\/wp-json\/wp\/v2\/media?parent=2227"}],"wp:term":[{"taxonomy":"category","embeddable":true,"href":"https:\/\/djarobi.com\/index.php\/wp-json\/wp\/v2\/categories?post=2227"},{"taxonomy":"post_tag","embeddable":true,"href":"https:\/\/djarobi.com\/index.php\/wp-json\/wp\/v2\/tags?post=2227"}],"curies":[{"name":"wp","href":"https:\/\/api.w.org\/{rel}","templated":true}]}}